{"id":189,"date":"2022-05-06T15:43:00","date_gmt":"2022-05-06T18:43:00","guid":{"rendered":"https:\/\/mutualdelcirculodeministros.ar\/actividades\/?p=189"},"modified":"2022-05-06T15:43:00","modified_gmt":"2022-05-06T18:43:00","slug":"ciclo-de-charlas-de-historia-del-arte-moderno-y-contemporaneo","status":"publish","type":"post","link":"https:\/\/mutualdelcirculodeministros.org.ar\/actividades\/ciclo-de-charlas-de-historia-del-arte-moderno-y-contemporaneo\/","title":{"rendered":"06|05 TALLER DE ENCUENTROS CON EL ARTE"},"content":{"rendered":"\n<h1 class=\"wp-block-heading\">06|05 TALLER DE ENCUENTROS CON EL ARTE<\/h1>\n\n\n\n<h2 class=\"wp-block-heading\">Ciclo de charlas de historia del arte moderno y contempor\u00e1neo.<\/h2>\n\n\n\n<h2 class=\"has-luminous-vivid-orange-color has-text-color wp-block-heading\">Las vanguardias art\u00edsticas: el Cubismo y el Fauvismo por la Lic. Solange Jouinssse<\/h2>\n\n\n\n<div style=\"height:100px\" aria-hidden=\"true\" class=\"wp-block-spacer\"><\/div>\n\n\n\n<p class=\"wp-block-paragraph\"><strong>Estimados Socios:<\/strong><br>&nbsp; &nbsp; &nbsp; &nbsp; &nbsp; &nbsp; &nbsp; &nbsp; &nbsp; &nbsp; &nbsp; &nbsp; &nbsp; &nbsp; &nbsp;Queremos recordarles que \u00e9ste viernes 6 de mayo 15:00hs. volveremos a encontrarnos en el Taller de Arte bajo la Plataforma Zoom. La charla estar\u00e1 a cargo de la Profe. Solange Jouinsse quien en \u00e9sta ocasi\u00f3n nos hablar\u00e1 sobre &#8220;Vanguardias art\u00edsticas&#8221;.&nbsp;<\/p>\n\n\n\n<p class=\"wp-block-paragraph\">Quienes a\u00fan no hayan participado en ning\u00fan encuentro y est\u00e9n interesados,&nbsp; los invitamos a&nbsp; inscribirse a trav\u00e9s de nuestros distintos medios de contacto para poder enviarles el Link correspondiente y poder unirse a la reuni\u00f3n.<\/p>\n\n\n\n<div style=\"height:100px\" aria-hidden=\"true\" class=\"wp-block-spacer\"><\/div>\n\n\n\n<blockquote class=\"wp-block-quote is-layout-flow wp-block-quote-is-layout-flow\"><p><strong>Cubismo:<\/strong>&nbsp;Es la primera vanguardia, rompe con el \u00faltimo estatuto renacentista vigente a principios del siglo XX, la perspectiva. En los cuadros cubistas, desaparece la perspectiva tradicional. Trata las formas de la naturaleza por medio de figuras fragmentando&nbsp;l\u00edneas y superficies.&nbsp;Picasso y su influencia. Fauvismo: Matisse y el uso del color.<\/p><\/blockquote>\n\n\n\n<div style=\"height:100px\" aria-hidden=\"true\" class=\"wp-block-spacer\"><\/div>\n\n\n\n<hr class=\"wp-block-separator\"\/>\n\n\n\n<p class=\"wp-block-paragraph\"><strong>Para m\u00e1s informaci\u00f3n:<\/strong><br><a href=\"mailto:mutualdelcirculo@gmail.com\">mutualdelcirculo@gmail.com<br>info@mutualdelcirculodeministros.org.ar<\/a><\/p>\n\n\n\n<p class=\"wp-block-paragraph\">Tel\u00e9fonos: (011) 7078-1291<br>Whatsapp: 11-5097-6085<\/p>\n","protected":false},"excerpt":{"rendered":"<p>as vanguardias art\u00edsticas: el Cubismo y el Fauvismo por la Lic. Solange Jouinssse<\/p>\n","protected":false},"author":1,"featured_media":190,"comment_status":"closed","ping_status":"closed","sticky":false,"template":"","format":"standard","meta":{"footnotes":""},"categories":[3,56],"tags":[5,6,7,10,11,24,45],"class_list":["post-189","post","type-post","status-publish","format-standard","has-post-thumbnail","hentry","category-actividades","category-talleres","tag-arte","tag-arte-contemporaneo","tag-arte-moderno","tag-charlas","tag-ciclos-de-charlas","tag-historia-del-arte","tag-talleres"],"_links":{"self":[{"href":"https:\/\/mutualdelcirculodeministros.org.ar\/actividades\/wp-json\/wp\/v2\/posts\/189","targetHints":{"allow":["GET"]}}],"collection":[{"href":"https:\/\/mutualdelcirculodeministros.org.ar\/actividades\/wp-json\/wp\/v2\/posts"}],"about":[{"href":"https:\/\/mutualdelcirculodeministros.org.ar\/actividades\/wp-json\/wp\/v2\/types\/post"}],"author":[{"embeddable":true,"href":"https:\/\/mutualdelcirculodeministros.org.ar\/actividades\/wp-json\/wp\/v2\/users\/1"}],"replies":[{"embeddable":true,"href":"https:\/\/mutualdelcirculodeministros.org.ar\/actividades\/wp-json\/wp\/v2\/comments?post=189"}],"version-history":[{"count":0,"href":"https:\/\/mutualdelcirculodeministros.org.ar\/actividades\/wp-json\/wp\/v2\/posts\/189\/revisions"}],"wp:featuredmedia":[{"embeddable":true,"href":"https:\/\/mutualdelcirculodeministros.org.ar\/actividades\/wp-json\/wp\/v2\/media\/190"}],"wp:attachment":[{"href":"https:\/\/mutualdelcirculodeministros.org.ar\/actividades\/wp-json\/wp\/v2\/media?parent=189"}],"wp:term":[{"taxonomy":"category","embeddable":true,"href":"https:\/\/mutualdelcirculodeministros.org.ar\/actividades\/wp-json\/wp\/v2\/categories?post=189"},{"taxonomy":"post_tag","embeddable":true,"href":"https:\/\/mutualdelcirculodeministros.org.ar\/actividades\/wp-json\/wp\/v2\/tags?post=189"}],"curies":[{"name":"wp","href":"https:\/\/api.w.org\/{rel}","templated":true}]}}