{"id":231,"date":"2022-05-10T12:46:57","date_gmt":"2022-05-10T12:46:57","guid":{"rendered":"https:\/\/mutualdelcirculodeministros.ar\/actividades\/?p=231"},"modified":"2022-05-10T12:46:57","modified_gmt":"2022-05-10T12:46:57","slug":"1005-taller-de-estimulacion-cognitiva-virtual","status":"publish","type":"post","link":"https:\/\/mutualdelcirculodeministros.org.ar\/actividades\/1005-taller-de-estimulacion-cognitiva-virtual\/","title":{"rendered":"10|05 Taller de Estimulaci\u00f3n Cognitiva. Virtual"},"content":{"rendered":"\n<p class=\"wp-block-paragraph\"><\/p>\n\n\n\n<h1 class=\"wp-block-heading\">10|05 Taller de Estimulaci\u00f3n Cognitiva. Virtual<\/h1>\n\n\n\n<h3 class=\"has-luminous-vivid-orange-color has-text-color wp-block-heading\">Con la Profesora Mariana Karmann<\/h3>\n\n\n\n<p class=\"wp-block-paragraph\">Estimados Socios:<\/p>\n\n\n\n<p class=\"wp-block-paragraph\"><br>&nbsp; &nbsp; &nbsp; &nbsp; &nbsp; &nbsp; &nbsp; &nbsp; &nbsp; &nbsp; &nbsp; &nbsp; &nbsp; &nbsp; &nbsp;Recuerden que ma\u00f1ana 10 de mayo a las 15:30 hs. nos reuniremos en otro taller virtual a cargo de la Prof. Mariana Karmann. Quienes est\u00e9n interesados en participar y a\u00fan no lo hayan hecho deber\u00e1n enviarnos su inter\u00e9s a trav\u00e9s de los distintos canales de contacto para poder recibir el link y unirse a la reuni\u00f3n.<\/p>\n\n\n\n<p class=\"wp-block-paragraph\"><br>Saludos cordiales.<\/p>\n\n\n\n<div style=\"height:100px\" aria-hidden=\"true\" class=\"wp-block-spacer\"><\/div>\n\n\n\n<hr class=\"wp-block-separator\"\/>\n\n\n\n<p class=\"wp-block-paragraph\" id=\"block-cb3c5a2f-58af-4802-8758-9ebce0414809\"><strong>Para m\u00e1s informaci\u00f3n:<\/strong><br><a href=\"mailto:mutualdelcirculo@gmail.com\">mutualdelcirculo@gmail.com<br>info@mutualdelcirculodeministros.org.ar<\/a><\/p>\n\n\n\n<p class=\"wp-block-paragraph\" id=\"block-50611f19-1f0e-4492-9430-d5a59869f5a0\">Tel\u00e9fonos: (011) 7078-1291<br>Whatsapp: 11-5097-6085<\/p>\n","protected":false},"excerpt":{"rendered":"<p>10|05 Taller de Estimulaci\u00f3n Cognitiva. Virtual Con la Profesora Mariana Karmann Estimados Socios: &nbsp; &nbsp; &nbsp; &nbsp; &nbsp; &nbsp; &nbsp; &nbsp; &nbsp; &nbsp; &nbsp; &nbsp; &nbsp; &nbsp; &nbsp;Recuerden que ma\u00f1ana 10 de mayo a las 15:30 hs. nos reuniremos en otro taller virtual a cargo de la Prof. Mariana Karmann. Quienes est\u00e9n interesados en participar &hellip; <\/p>\n","protected":false},"author":1,"featured_media":197,"comment_status":"closed","ping_status":"closed","sticky":false,"template":"","format":"standard","meta":{"footnotes":""},"categories":[3,56],"tags":[14,22,23,26,27,28,29,35,43,47],"class_list":["post-231","post","type-post","status-publish","format-standard","has-post-thumbnail","hentry","category-actividades","category-talleres","tag-cognitiva","tag-estimulacion","tag-estimulacion-cognitiva","tag-karmann","tag-mariana","tag-mariana-karmann","tag-memoria","tag-online","tag-taller","tag-virtual"],"_links":{"self":[{"href":"https:\/\/mutualdelcirculodeministros.org.ar\/actividades\/wp-json\/wp\/v2\/posts\/231","targetHints":{"allow":["GET"]}}],"collection":[{"href":"https:\/\/mutualdelcirculodeministros.org.ar\/actividades\/wp-json\/wp\/v2\/posts"}],"about":[{"href":"https:\/\/mutualdelcirculodeministros.org.ar\/actividades\/wp-json\/wp\/v2\/types\/post"}],"author":[{"embeddable":true,"href":"https:\/\/mutualdelcirculodeministros.org.ar\/actividades\/wp-json\/wp\/v2\/users\/1"}],"replies":[{"embeddable":true,"href":"https:\/\/mutualdelcirculodeministros.org.ar\/actividades\/wp-json\/wp\/v2\/comments?post=231"}],"version-history":[{"count":0,"href":"https:\/\/mutualdelcirculodeministros.org.ar\/actividades\/wp-json\/wp\/v2\/posts\/231\/revisions"}],"wp:featuredmedia":[{"embeddable":true,"href":"https:\/\/mutualdelcirculodeministros.org.ar\/actividades\/wp-json\/wp\/v2\/media\/197"}],"wp:attachment":[{"href":"https:\/\/mutualdelcirculodeministros.org.ar\/actividades\/wp-json\/wp\/v2\/media?parent=231"}],"wp:term":[{"taxonomy":"category","embeddable":true,"href":"https:\/\/mutualdelcirculodeministros.org.ar\/actividades\/wp-json\/wp\/v2\/categories?post=231"},{"taxonomy":"post_tag","embeddable":true,"href":"https:\/\/mutualdelcirculodeministros.org.ar\/actividades\/wp-json\/wp\/v2\/tags?post=231"}],"curies":[{"name":"wp","href":"https:\/\/api.w.org\/{rel}","templated":true}]}}