{"id":235,"date":"2022-05-10T12:59:21","date_gmt":"2022-05-10T15:59:21","guid":{"rendered":"https:\/\/mutualdelcirculodeministros.ar\/actividades\/?p=235"},"modified":"2022-05-10T12:59:21","modified_gmt":"2022-05-10T15:59:21","slug":"1305-visita-guiada-privada-al-museo-nacional-de-bellas-artes","status":"publish","type":"post","link":"https:\/\/mutualdelcirculodeministros.org.ar\/actividades\/1305-visita-guiada-privada-al-museo-nacional-de-bellas-artes\/","title":{"rendered":"13|05 VISITA GUIADA PRIVADA AL MUSEO NACIONAL DE BELLAS ARTES"},"content":{"rendered":"\n<h1 class=\"wp-block-heading\">13|05 VISITA GUIADA PRIVADA AL MUSEO NACIONAL DE BELLAS ARTES<\/h1>\n\n\n\n<p class=\"wp-block-paragraph\">Estimados Socios:<br>&nbsp; &nbsp; &nbsp; &nbsp; &nbsp; &nbsp; &nbsp; &nbsp; &nbsp; &nbsp; &nbsp; &nbsp; &nbsp; &nbsp; &nbsp;El pr\u00f3ximo viernes 13 de mayo a las 14:00&nbsp;hs.&nbsp;los invitamos a disfrutar de una visita guiada privada al Museo Nacional de Bellas Artes. Recorreremos sus salas acompa\u00f1ados&nbsp;por la Prof. de historia del arte Solange Jouinsse, quien nos interiorizar\u00e1&nbsp; acerca de la colecci\u00f3n&nbsp;que alberga una de las instituciones culturales considerada como una de las m\u00e1s relevantes del continente debido a la importante cantidad de piezas nacionales e internacionales que posee.<br>Al t\u00e9rmino de la visita, quienes deseen, podr\u00e1n acompa\u00f1arnos a tomar un rico caf\u00e9 por las cercan\u00edas del museo.<br><\/p>\n\n\n\n<p class=\"has-luminous-vivid-orange-color has-text-color wp-block-paragraph\"><strong>LUGAR DE ENCUENTRO Y HORARIO: Av. del Libertador 1473 (puerta de entrada al museo)<\/strong><\/p>\n\n\n\n<p class=\"has-luminous-vivid-orange-color has-text-color wp-block-paragraph\"><strong>VALOR DE LA ENTRADA: Socios $300. <\/strong><br><strong>Invitados: $500FECHA <\/strong><\/p>\n\n\n\n<p class=\"has-luminous-vivid-orange-color has-text-color wp-block-paragraph\"><strong>L\u00cdMITE DE INSCRIPCI\u00d3N : mi\u00e9rcoles 11 de mayo.<\/strong><\/p>\n\n\n\n<div style=\"height:100px\" aria-hidden=\"true\" class=\"wp-block-spacer\"><\/div>\n\n\n\n<hr class=\"wp-block-separator has-css-opacity\"\/>\n\n\n\n<div class=\"wp-block-group\"><div class=\"wp-block-group__inner-container is-layout-flow wp-block-group-is-layout-flow\">\n<div style=\"height:100px\" aria-hidden=\"true\" class=\"wp-block-spacer\"><\/div>\n\n\n\n<hr class=\"wp-block-separator has-alpha-channel-opacity\"\/>\n\n\n\n<p class=\"wp-block-paragraph\"><strong>Para m\u00e1s informaci\u00f3n:<\/strong><br><a href=\"mailto:mutualdelcirculo@gmail.com\">mutualdelcirculo@gmail.com<br>info@mutualdelcirculodeministros.org.ar<\/a><\/p>\n\n\n\n<p class=\"wp-block-paragraph\">Tel\u00e9fonos: (011) 7078-1291<br>Whatsapp: 11-5097-6085<\/p>\n<\/div><\/div>\n","protected":false},"excerpt":{"rendered":"<p>13|05 VISITA GUIADA PRIVADA AL MUSEO NACIONAL DE BELLAS ARTES Estimados Socios:&nbsp; &nbsp; &nbsp; &nbsp; &nbsp; &nbsp; &nbsp; &nbsp; &nbsp; &nbsp; &nbsp; &nbsp; &nbsp; &nbsp; &nbsp;El pr\u00f3ximo viernes 13 de mayo a las 14:00&nbsp;hs.&nbsp;los invitamos a disfrutar de una visita guiada privada al Museo Nacional de Bellas Artes. Recorreremos sus salas acompa\u00f1ados&nbsp;por la Prof. de &hellip; <\/p>\n","protected":false},"author":1,"featured_media":239,"comment_status":"closed","ping_status":"closed","sticky":false,"template":"","format":"standard","meta":{"footnotes":""},"categories":[3],"tags":[16,25,30,34,38,41,42,48,49],"class_list":["post-235","post","type-post","status-publish","format-standard","has-post-thumbnail","hentry","category-actividades","tag-descuentos","tag-jouinsse","tag-museo","tag-museo-nacional-de-bellas-artes","tag-presencial","tag-solange","tag-solange-jouinsse","tag-visita","tag-visita-guiada"],"_links":{"self":[{"href":"https:\/\/mutualdelcirculodeministros.org.ar\/actividades\/wp-json\/wp\/v2\/posts\/235","targetHints":{"allow":["GET"]}}],"collection":[{"href":"https:\/\/mutualdelcirculodeministros.org.ar\/actividades\/wp-json\/wp\/v2\/posts"}],"about":[{"href":"https:\/\/mutualdelcirculodeministros.org.ar\/actividades\/wp-json\/wp\/v2\/types\/post"}],"author":[{"embeddable":true,"href":"https:\/\/mutualdelcirculodeministros.org.ar\/actividades\/wp-json\/wp\/v2\/users\/1"}],"replies":[{"embeddable":true,"href":"https:\/\/mutualdelcirculodeministros.org.ar\/actividades\/wp-json\/wp\/v2\/comments?post=235"}],"version-history":[{"count":0,"href":"https:\/\/mutualdelcirculodeministros.org.ar\/actividades\/wp-json\/wp\/v2\/posts\/235\/revisions"}],"wp:featuredmedia":[{"embeddable":true,"href":"https:\/\/mutualdelcirculodeministros.org.ar\/actividades\/wp-json\/wp\/v2\/media\/239"}],"wp:attachment":[{"href":"https:\/\/mutualdelcirculodeministros.org.ar\/actividades\/wp-json\/wp\/v2\/media?parent=235"}],"wp:term":[{"taxonomy":"category","embeddable":true,"href":"https:\/\/mutualdelcirculodeministros.org.ar\/actividades\/wp-json\/wp\/v2\/categories?post=235"},{"taxonomy":"post_tag","embeddable":true,"href":"https:\/\/mutualdelcirculodeministros.org.ar\/actividades\/wp-json\/wp\/v2\/tags?post=235"}],"curies":[{"name":"wp","href":"https:\/\/api.w.org\/{rel}","templated":true}]}}