{"id":242,"date":"2022-04-26T13:06:00","date_gmt":"2022-04-26T13:06:00","guid":{"rendered":"https:\/\/mutualdelcirculodeministros.ar\/actividades\/?p=242"},"modified":"2022-04-26T13:06:00","modified_gmt":"2022-04-26T13:06:00","slug":"2604-taller-de-estimulacion-cognitiva-virtual","status":"publish","type":"post","link":"https:\/\/mutualdelcirculodeministros.org.ar\/actividades\/2604-taller-de-estimulacion-cognitiva-virtual\/","title":{"rendered":"26|04 Taller de Estimulaci\u00f3n Cognitiva. Virtual"},"content":{"rendered":"\n<h1 class=\"wp-block-heading\">26\/04 Taller de Estimulaci\u00f3n Cognitiva. Virtual<\/h1>\n\n\n\n<h3 class=\"has-luminous-vivid-orange-color has-text-color wp-block-heading\">Con la Profesora Mariana Karmann<\/h3>\n\n\n\n<p class=\"wp-block-paragraph\">Estimados Socios:<\/p>\n\n\n\n<p class=\"wp-block-paragraph\"><br>\u00a0 \u00a0 \u00a0 \u00a0 \u00a0 \u00a0 \u00a0 \u00a0 \u00a0 \u00a0 \u00a0 \u00a0 \u00a0 \u00a0 \u00a0Les recordamos que hoy martes a las 15:30 hs. nos volvemos a encontrar en el Taller de Estimulaci\u00f3n Cognitiva a trav\u00e9s de la Plataforma Zoom. Quienes est\u00e9n interesados y a\u00fan no hayan participado\u00a0 nos\u00a0lo deber\u00e1n informar a trav\u00e9s de alguno de nuestros diferentes medios de contacto para poder enviarles el Link correspondiente y poder as\u00ed sumarse a la reuni\u00f3n.<\/p>\n\n\n\n<p class=\"wp-block-paragraph\"><br>Saludos cordiales.<\/p>\n\n\n\n<div style=\"height:100px\" aria-hidden=\"true\" class=\"wp-block-spacer\"><\/div>\n\n\n\n<hr class=\"wp-block-separator\"\/>\n\n\n\n<p class=\"wp-block-paragraph\" id=\"block-cb3c5a2f-58af-4802-8758-9ebce0414809\"><strong>Para m\u00e1s informaci\u00f3n:<\/strong><br><a href=\"mailto:mutualdelcirculo@gmail.com\">mutualdelcirculo@gmail.com<br>info@mutualdelcirculodeministros.org.ar<\/a><\/p>\n\n\n\n<p class=\"wp-block-paragraph\" id=\"block-50611f19-1f0e-4492-9430-d5a59869f5a0\">Tel\u00e9fonos: (011) 7078-1291<br>Whatsapp: 11-5097-6085<\/p>\n","protected":false},"excerpt":{"rendered":"<p>26\/04 Taller de Estimulaci\u00f3n Cognitiva. Virtual Con la Profesora Mariana Karmann Estimados Socios: \u00a0 \u00a0 \u00a0 \u00a0 \u00a0 \u00a0 \u00a0 \u00a0 \u00a0 \u00a0 \u00a0 \u00a0 \u00a0 \u00a0 \u00a0Les recordamos que hoy martes a las 15:30 hs. nos volvemos a encontrar en el Taller de Estimulaci\u00f3n Cognitiva a trav\u00e9s de la Plataforma Zoom. Quienes est\u00e9n interesados &hellip; <\/p>\n","protected":false},"author":1,"featured_media":197,"comment_status":"closed","ping_status":"closed","sticky":false,"template":"","format":"standard","meta":{"footnotes":""},"categories":[3,56],"tags":[22,23,26,27,28,35,43,47],"class_list":["post-242","post","type-post","status-publish","format-standard","has-post-thumbnail","hentry","category-actividades","category-talleres","tag-estimulacion","tag-estimulacion-cognitiva","tag-karmann","tag-mariana","tag-mariana-karmann","tag-online","tag-taller","tag-virtual"],"_links":{"self":[{"href":"https:\/\/mutualdelcirculodeministros.org.ar\/actividades\/wp-json\/wp\/v2\/posts\/242","targetHints":{"allow":["GET"]}}],"collection":[{"href":"https:\/\/mutualdelcirculodeministros.org.ar\/actividades\/wp-json\/wp\/v2\/posts"}],"about":[{"href":"https:\/\/mutualdelcirculodeministros.org.ar\/actividades\/wp-json\/wp\/v2\/types\/post"}],"author":[{"embeddable":true,"href":"https:\/\/mutualdelcirculodeministros.org.ar\/actividades\/wp-json\/wp\/v2\/users\/1"}],"replies":[{"embeddable":true,"href":"https:\/\/mutualdelcirculodeministros.org.ar\/actividades\/wp-json\/wp\/v2\/comments?post=242"}],"version-history":[{"count":0,"href":"https:\/\/mutualdelcirculodeministros.org.ar\/actividades\/wp-json\/wp\/v2\/posts\/242\/revisions"}],"wp:featuredmedia":[{"embeddable":true,"href":"https:\/\/mutualdelcirculodeministros.org.ar\/actividades\/wp-json\/wp\/v2\/media\/197"}],"wp:attachment":[{"href":"https:\/\/mutualdelcirculodeministros.org.ar\/actividades\/wp-json\/wp\/v2\/media?parent=242"}],"wp:term":[{"taxonomy":"category","embeddable":true,"href":"https:\/\/mutualdelcirculodeministros.org.ar\/actividades\/wp-json\/wp\/v2\/categories?post=242"},{"taxonomy":"post_tag","embeddable":true,"href":"https:\/\/mutualdelcirculodeministros.org.ar\/actividades\/wp-json\/wp\/v2\/tags?post=242"}],"curies":[{"name":"wp","href":"https:\/\/api.w.org\/{rel}","templated":true}]}}