{"id":264,"date":"2022-06-03T17:54:00","date_gmt":"2022-06-03T17:54:00","guid":{"rendered":"https:\/\/mutualdelcirculodeministros.ar\/actividades\/?p=264"},"modified":"2022-06-03T17:54:00","modified_gmt":"2022-06-03T17:54:00","slug":"0306-taller-encuentros-con-el-arte-charla-5","status":"publish","type":"post","link":"https:\/\/mutualdelcirculodeministros.org.ar\/actividades\/0306-taller-encuentros-con-el-arte-charla-5\/","title":{"rendered":"03|06 TALLER &#8220;ENCUENTROS CON EL ARTE&#8221; &#8211; CHARLA 5"},"content":{"rendered":"\n<h1 class=\"wp-block-heading\">03|06 TALLER &#8220;ENCUENTROS CON EL ARTE&#8221; &#8211; CHARLA 5<\/h1>\n\n\n\n<p class=\"wp-block-paragraph\">Estimados socios:<\/p>\n\n\n\n<p class=\"wp-block-paragraph\">&nbsp; &nbsp; &nbsp; &nbsp; &nbsp; &nbsp; &nbsp; &nbsp; &nbsp; &nbsp; &nbsp; &nbsp; &nbsp; &nbsp; &nbsp;El pr\u00f3ximo viernes 3 de junio los invitamos a otra charla dictada por la Prof\u00aa. Solange Jouinsse&nbsp;a trav\u00e9s de la Plataforma Zoom. Quienes todav\u00eda no hayan participado de los encuentros anteriores y deseen hacerlo, deber\u00e1n enviarnos su inter\u00e9s a trav\u00e9s de los distintos medios de contacto para poder enviarles el link correspondiente. \u00a1Los esperamos!<\/p>\n\n\n\n<p class=\"has-luminous-vivid-orange-color has-text-color wp-block-paragraph\"><em><br><strong>Charla 5:&nbsp;<\/strong><\/em><\/p>\n\n\n\n<p class=\"wp-block-paragraph\"><strong>Los italianos en Par\u00eds:<\/strong> De Chirico y Modigliani. <br><strong>El expresionismo alem\u00e1n: <\/strong>El puente y El Jinete Azul. <br><strong>El arte abstracto: <\/strong>c\u00f3mo Kandinsky y Mondrian lo cambiaron todo. <br>Circle&amp;Carre con Torres Garc\u00eda y los artistas concretos.<\/p>\n\n\n\n<p class=\"wp-block-paragraph\"><\/p>\n\n\n\n<p class=\"has-luminous-vivid-orange-color has-text-color wp-block-paragraph\"><strong>VIERNES 3\/6\/2022 A LAS 15:00 HRS.<\/strong><\/p>\n\n\n\n<div style=\"height:100px\" aria-hidden=\"true\" class=\"wp-block-spacer\"><\/div>\n\n\n\n<hr class=\"wp-block-separator has-alpha-channel-opacity\"\/>\n\n\n\n<div class=\"wp-block-group\"><div class=\"wp-block-group__inner-container is-layout-flow wp-block-group-is-layout-flow\">\n<div style=\"height:100px\" aria-hidden=\"true\" class=\"wp-block-spacer\"><\/div>\n\n\n\n<hr class=\"wp-block-separator has-alpha-channel-opacity\"\/>\n\n\n\n<p class=\"wp-block-paragraph\"><strong>Para m\u00e1s informaci\u00f3n:<\/strong><br><a href=\"mailto:mutualdelcirculo@gmail.com\">mutualdelcirculo@gmail.com<br>info@mutualdelcirculodeministros.org.ar<\/a><\/p>\n\n\n\n<p class=\"wp-block-paragraph\">Tel\u00e9fonos: (011) 7078-1291<br>Whatsapp: 11-5097-6085<\/p>\n<\/div><\/div>\n","protected":false},"excerpt":{"rendered":"<p>03|06 TALLER &#8220;ENCUENTROS CON EL ARTE&#8221; &#8211; CHARLA 5 Estimados socios: &nbsp; &nbsp; &nbsp; &nbsp; &nbsp; &nbsp; &nbsp; &nbsp; &nbsp; &nbsp; &nbsp; &nbsp; &nbsp; &nbsp; &nbsp;El pr\u00f3ximo viernes 3 de junio los invitamos a otra charla dictada por la Prof\u00aa. Solange Jouinsse&nbsp;a trav\u00e9s de la Plataforma Zoom. Quienes todav\u00eda no hayan participado de los encuentros &hellip; <\/p>\n","protected":false},"author":1,"featured_media":266,"comment_status":"closed","ping_status":"closed","sticky":false,"template":"","format":"standard","meta":{"footnotes":""},"categories":[3,56],"tags":[10,17,18,25,35,41,42,43,47],"class_list":["post-264","post","type-post","status-publish","format-standard","has-post-thumbnail","hentry","category-actividades","category-talleres","tag-charlas","tag-encuentros","tag-encuentros-con-el-arte","tag-jouinsse","tag-online","tag-solange","tag-solange-jouinsse","tag-taller","tag-virtual"],"_links":{"self":[{"href":"https:\/\/mutualdelcirculodeministros.org.ar\/actividades\/wp-json\/wp\/v2\/posts\/264","targetHints":{"allow":["GET"]}}],"collection":[{"href":"https:\/\/mutualdelcirculodeministros.org.ar\/actividades\/wp-json\/wp\/v2\/posts"}],"about":[{"href":"https:\/\/mutualdelcirculodeministros.org.ar\/actividades\/wp-json\/wp\/v2\/types\/post"}],"author":[{"embeddable":true,"href":"https:\/\/mutualdelcirculodeministros.org.ar\/actividades\/wp-json\/wp\/v2\/users\/1"}],"replies":[{"embeddable":true,"href":"https:\/\/mutualdelcirculodeministros.org.ar\/actividades\/wp-json\/wp\/v2\/comments?post=264"}],"version-history":[{"count":0,"href":"https:\/\/mutualdelcirculodeministros.org.ar\/actividades\/wp-json\/wp\/v2\/posts\/264\/revisions"}],"wp:featuredmedia":[{"embeddable":true,"href":"https:\/\/mutualdelcirculodeministros.org.ar\/actividades\/wp-json\/wp\/v2\/media\/266"}],"wp:attachment":[{"href":"https:\/\/mutualdelcirculodeministros.org.ar\/actividades\/wp-json\/wp\/v2\/media?parent=264"}],"wp:term":[{"taxonomy":"category","embeddable":true,"href":"https:\/\/mutualdelcirculodeministros.org.ar\/actividades\/wp-json\/wp\/v2\/categories?post=264"},{"taxonomy":"post_tag","embeddable":true,"href":"https:\/\/mutualdelcirculodeministros.org.ar\/actividades\/wp-json\/wp\/v2\/tags?post=264"}],"curies":[{"name":"wp","href":"https:\/\/api.w.org\/{rel}","templated":true}]}}