{"id":272,"date":"2022-06-07T18:09:00","date_gmt":"2022-06-07T21:09:00","guid":{"rendered":"https:\/\/mutualdelcirculodeministros.ar\/actividades\/?p=272"},"modified":"2022-06-07T18:09:00","modified_gmt":"2022-06-07T21:09:00","slug":"0706-taller-de-estimulacion-cognitiva-virtual","status":"publish","type":"post","link":"https:\/\/mutualdelcirculodeministros.org.ar\/actividades\/0706-taller-de-estimulacion-cognitiva-virtual\/","title":{"rendered":"07|06 Taller de Estimulaci\u00f3n Cognitiva. Virtual"},"content":{"rendered":"\n<h1 class=\"wp-block-heading\">07|06 Taller de Estimulaci\u00f3n Cognitiva. Virtual<\/h1>\n\n\n\n<h3 class=\"has-luminous-vivid-orange-color has-text-color wp-block-heading\">Con la Profesora Mariana Karmann<\/h3>\n\n\n\n<p class=\"wp-block-paragraph\">Estimados Socios:<\/p>\n\n\n\n<p class=\"wp-block-paragraph\">&nbsp; &nbsp; &nbsp; &nbsp; &nbsp; &nbsp; &nbsp; &nbsp; &nbsp; &nbsp; &nbsp; &nbsp; &nbsp; &nbsp; &nbsp;Queremos recordarles que el <strong>martes 7\/6 a las 15:30hs. <\/strong>se dictar\u00e1 otro taller de Estimulaci\u00f3n Cognitiva a cargo de la&nbsp; Prof\u00aa. Mariana Karmann a trav\u00e9s de la Plataforma Zoom. Quienes a\u00fan no hayan participado y est\u00e9n interesados podr\u00e1n hacerlo envi\u00e1ndonos su inter\u00e9s a trav\u00e9s de los distintos medios de contacto para poder enviarles el link.<\/p>\n\n\n\n<p class=\"wp-block-paragraph\">Saludos cordiales.<\/p>\n\n\n\n<div class=\"wp-block-group\"><div class=\"wp-block-group__inner-container is-layout-flow wp-block-group-is-layout-flow\">\n<div style=\"height:100px\" aria-hidden=\"true\" class=\"wp-block-spacer\"><\/div>\n\n\n\n<hr class=\"wp-block-separator has-alpha-channel-opacity\"\/>\n\n\n\n<p class=\"wp-block-paragraph\"><strong>Para m\u00e1s informaci\u00f3n:<\/strong><br><a href=\"mailto:mutualdelcirculo@gmail.com\">mutualdelcirculo@gmail.com<br>info@mutualdelcirculodeministros.org.ar<\/a><\/p>\n\n\n\n<p class=\"wp-block-paragraph\">Tel\u00e9fonos: (011) 7078-1291<br>Whatsapp: 11-5097-6085<\/p>\n<\/div><\/div>\n","protected":false},"excerpt":{"rendered":"<p>07|06 Taller de Estimulaci\u00f3n Cognitiva. Virtual Con la Profesora Mariana Karmann Estimados Socios: &nbsp; &nbsp; &nbsp; &nbsp; &nbsp; &nbsp; &nbsp; &nbsp; &nbsp; &nbsp; &nbsp; &nbsp; &nbsp; &nbsp; &nbsp;Queremos recordarles que el martes 7\/6 a las 15:30hs. se dictar\u00e1 otro taller de Estimulaci\u00f3n Cognitiva a cargo de la&nbsp; Prof\u00aa. Mariana Karmann a trav\u00e9s de la Plataforma &hellip; <\/p>\n","protected":false},"author":1,"featured_media":197,"comment_status":"closed","ping_status":"closed","sticky":false,"template":"","format":"standard","meta":{"footnotes":""},"categories":[3,56],"tags":[22,23,26,27,28,35,43,47],"class_list":["post-272","post","type-post","status-publish","format-standard","has-post-thumbnail","hentry","category-actividades","category-talleres","tag-estimulacion","tag-estimulacion-cognitiva","tag-karmann","tag-mariana","tag-mariana-karmann","tag-online","tag-taller","tag-virtual"],"_links":{"self":[{"href":"https:\/\/mutualdelcirculodeministros.org.ar\/actividades\/wp-json\/wp\/v2\/posts\/272","targetHints":{"allow":["GET"]}}],"collection":[{"href":"https:\/\/mutualdelcirculodeministros.org.ar\/actividades\/wp-json\/wp\/v2\/posts"}],"about":[{"href":"https:\/\/mutualdelcirculodeministros.org.ar\/actividades\/wp-json\/wp\/v2\/types\/post"}],"author":[{"embeddable":true,"href":"https:\/\/mutualdelcirculodeministros.org.ar\/actividades\/wp-json\/wp\/v2\/users\/1"}],"replies":[{"embeddable":true,"href":"https:\/\/mutualdelcirculodeministros.org.ar\/actividades\/wp-json\/wp\/v2\/comments?post=272"}],"version-history":[{"count":0,"href":"https:\/\/mutualdelcirculodeministros.org.ar\/actividades\/wp-json\/wp\/v2\/posts\/272\/revisions"}],"wp:featuredmedia":[{"embeddable":true,"href":"https:\/\/mutualdelcirculodeministros.org.ar\/actividades\/wp-json\/wp\/v2\/media\/197"}],"wp:attachment":[{"href":"https:\/\/mutualdelcirculodeministros.org.ar\/actividades\/wp-json\/wp\/v2\/media?parent=272"}],"wp:term":[{"taxonomy":"category","embeddable":true,"href":"https:\/\/mutualdelcirculodeministros.org.ar\/actividades\/wp-json\/wp\/v2\/categories?post=272"},{"taxonomy":"post_tag","embeddable":true,"href":"https:\/\/mutualdelcirculodeministros.org.ar\/actividades\/wp-json\/wp\/v2\/tags?post=272"}],"curies":[{"name":"wp","href":"https:\/\/api.w.org\/{rel}","templated":true}]}}