{"id":281,"date":"2022-05-20T15:26:17","date_gmt":"2022-05-20T18:26:17","guid":{"rendered":"https:\/\/mutualdelcirculodeministros.ar\/actividades\/?p=281"},"modified":"2022-05-20T15:26:17","modified_gmt":"2022-05-20T18:26:17","slug":"2005-taller-encuentros-con-el-arte-charla-4","status":"publish","type":"post","link":"https:\/\/mutualdelcirculodeministros.org.ar\/actividades\/2005-taller-encuentros-con-el-arte-charla-4\/","title":{"rendered":"20|05 TALLER &#8220;ENCUENTROS CON EL ARTE&#8221; &#8211; CHARLA 4"},"content":{"rendered":"\n<h1 class=\"wp-block-heading\">20|05 TALLER &#8220;ENCUENTROS CON EL ARTE&#8221; &#8211; CHARLA 4<\/h1>\n\n\n\n<p class=\"wp-block-paragraph\"><\/p>\n\n\n\n<p class=\"wp-block-paragraph\">Estimados Socios:<\/p>\n\n\n\n<p class=\"wp-block-paragraph\">&nbsp; &nbsp; &nbsp; &nbsp; &nbsp; &nbsp; &nbsp; &nbsp; &nbsp; &nbsp; &nbsp; &nbsp; &nbsp; &nbsp; &nbsp;Les recordamos que el pr\u00f3ximo viernes 20 a las 15 hrs. volveremos a reunirnos via Zoom con la Prof\u00aa. Solange Jouinsse en una nueva charla del Taller de Encuentros con el Arte. Aquellos&nbsp; que est\u00e9n interesados en sumarse a \u00e9stas reuniones y hasta ahora no hayan participado, tengan presente&nbsp; que deber\u00e1n primero inscribirse a trav\u00e9s de los diferentes medios de contacto para poder hacerles llegar el link y as\u00ed poder ingresar al Zoom.<\/p>\n\n\n\n<p class=\"has-luminous-vivid-orange-color has-text-color wp-block-paragraph\"><strong>CHARLA: 4<\/strong><\/p>\n\n\n\n<p class=\"has-black-color has-text-color wp-block-paragraph\">Modernidad y Vanguardias rusas Ilia Repin , Malevich, Marc Chagall y\u00a0Natalia Goncharova. Del<br>Suprematismo al\u00a0Constructivismo y Block-out sovi\u00e9tico. Divisionismo y Futurismo en Italia. Los<br>italianos en Par\u00eds: De Chirico y Modigliani. El expresionismo alem\u00e1n: El puente y el Jinete Azul.<\/p>\n\n\n\n<div class=\"wp-block-group\"><div class=\"wp-block-group__inner-container is-layout-flow wp-block-group-is-layout-flow\">\n<div style=\"height:100px\" aria-hidden=\"true\" class=\"wp-block-spacer\"><\/div>\n\n\n\n<hr class=\"wp-block-separator has-alpha-channel-opacity\"\/>\n\n\n\n<p class=\"wp-block-paragraph\"><strong>Para m\u00e1s informaci\u00f3n:<\/strong><br><a href=\"mailto:mutualdelcirculo@gmail.com\">mutualdelcirculo@gmail.com<br>info@mutualdelcirculodeministros.org.ar<\/a><\/p>\n\n\n\n<p class=\"wp-block-paragraph\">Tel\u00e9fonos: (011) 7078-1291<br>Whatsapp: 11-5097-6085<\/p>\n<\/div><\/div>\n","protected":false},"excerpt":{"rendered":"<p>20|05 TALLER &#8220;ENCUENTROS CON EL ARTE&#8221; &#8211; CHARLA 4 Estimados Socios: &nbsp; &nbsp; &nbsp; &nbsp; &nbsp; &nbsp; &nbsp; &nbsp; &nbsp; &nbsp; &nbsp; &nbsp; &nbsp; &nbsp; &nbsp;Les recordamos que el pr\u00f3ximo viernes 20 a las 15 hrs. volveremos a reunirnos via Zoom con la Prof\u00aa. Solange Jouinsse en una nueva charla del Taller de Encuentros con &hellip; <\/p>\n","protected":false},"author":1,"featured_media":286,"comment_status":"closed","ping_status":"closed","sticky":false,"template":"","format":"standard","meta":{"footnotes":""},"categories":[3,56],"tags":[17,18,25,35,41,42,43,47],"class_list":["post-281","post","type-post","status-publish","format-standard","has-post-thumbnail","hentry","category-actividades","category-talleres","tag-encuentros","tag-encuentros-con-el-arte","tag-jouinsse","tag-online","tag-solange","tag-solange-jouinsse","tag-taller","tag-virtual"],"_links":{"self":[{"href":"https:\/\/mutualdelcirculodeministros.org.ar\/actividades\/wp-json\/wp\/v2\/posts\/281","targetHints":{"allow":["GET"]}}],"collection":[{"href":"https:\/\/mutualdelcirculodeministros.org.ar\/actividades\/wp-json\/wp\/v2\/posts"}],"about":[{"href":"https:\/\/mutualdelcirculodeministros.org.ar\/actividades\/wp-json\/wp\/v2\/types\/post"}],"author":[{"embeddable":true,"href":"https:\/\/mutualdelcirculodeministros.org.ar\/actividades\/wp-json\/wp\/v2\/users\/1"}],"replies":[{"embeddable":true,"href":"https:\/\/mutualdelcirculodeministros.org.ar\/actividades\/wp-json\/wp\/v2\/comments?post=281"}],"version-history":[{"count":0,"href":"https:\/\/mutualdelcirculodeministros.org.ar\/actividades\/wp-json\/wp\/v2\/posts\/281\/revisions"}],"wp:featuredmedia":[{"embeddable":true,"href":"https:\/\/mutualdelcirculodeministros.org.ar\/actividades\/wp-json\/wp\/v2\/media\/286"}],"wp:attachment":[{"href":"https:\/\/mutualdelcirculodeministros.org.ar\/actividades\/wp-json\/wp\/v2\/media?parent=281"}],"wp:term":[{"taxonomy":"category","embeddable":true,"href":"https:\/\/mutualdelcirculodeministros.org.ar\/actividades\/wp-json\/wp\/v2\/categories?post=281"},{"taxonomy":"post_tag","embeddable":true,"href":"https:\/\/mutualdelcirculodeministros.org.ar\/actividades\/wp-json\/wp\/v2\/tags?post=281"}],"curies":[{"name":"wp","href":"https:\/\/api.w.org\/{rel}","templated":true}]}}