{"id":329,"date":"2022-06-24T16:08:00","date_gmt":"2022-06-24T19:08:00","guid":{"rendered":"https:\/\/mutualdelcirculodeministros.ar\/actividades\/?p=329"},"modified":"2022-06-24T16:08:00","modified_gmt":"2022-06-24T19:08:00","slug":"2406-taller-encuentros-con-el-arte-charla-6","status":"publish","type":"post","link":"https:\/\/mutualdelcirculodeministros.org.ar\/actividades\/2406-taller-encuentros-con-el-arte-charla-6\/","title":{"rendered":"24|06 TALLER \u00abENCUENTROS CON EL ARTE\u00bb \u2013 CHARLA 6"},"content":{"rendered":"\n<h1 class=\"wp-block-heading\"><a href=\"https:\/\/mutualdelcirculodeministros.ar\/actividades\/wp-admin\/post.php?post=264&amp;action=edit\">24|06 TALLER \u00abENCUENTROS CON EL ARTE\u00bb \u2013 CHARLA 6<\/a><\/h1>\n\n\n\n<p class=\"wp-block-paragraph\"><\/p>\n\n\n\n<p class=\"wp-block-paragraph\">Estimados socios:&nbsp;<\/p>\n\n\n\n<p class=\"wp-block-paragraph\">&nbsp; &nbsp; &nbsp; &nbsp; &nbsp; &nbsp; &nbsp; &nbsp; &nbsp; &nbsp; &nbsp; &nbsp; &nbsp; &nbsp; &nbsp;Queremos recordarles&nbsp; que \u00e9ste viernes 24 de junio a las 15:00hrs. volveremos a reunirnos v\u00eda Zoom para participar de otro encuentro a cargo de la Prof\u00aa. Solange Jouinsse. Quienes deseen sumarse a la reuni\u00f3n y hasta ahora no hayan participado en ninguna ocasi\u00f3n podr\u00e1n hacerlo envi\u00e1ndonos su inter\u00e9s a trav\u00e9s de los distintos medios de contacto y les enviaremos el link correspondiente.&nbsp;<\/p>\n\n\n\n<p class=\"wp-block-paragraph\">Saludos cordiales.<\/p>\n\n\n\n<p class=\"has-luminous-vivid-orange-color has-text-color wp-block-paragraph\"><strong><em>Charla 6:&nbsp;<\/em><\/strong><\/p>\n\n\n\n<p class=\"wp-block-paragraph\">La Bauhaus convive con De Stijl. Del art Nouveau a la arquitectura racionalista. Walter Gropius,<br>Le Corbusier y Frank Lloyd Wright.<\/p>\n\n\n\n<div class=\"wp-block-group\"><div class=\"wp-block-group__inner-container is-layout-flow wp-block-group-is-layout-flow\">\n<div style=\"height:100px\" aria-hidden=\"true\" class=\"wp-block-spacer\"><\/div>\n\n\n\n<hr class=\"wp-block-separator has-alpha-channel-opacity\"\/>\n\n\n\n<p class=\"wp-block-paragraph\"><strong>Para m\u00e1s informaci\u00f3n:<\/strong><br><a href=\"mailto:mutualdelcirculo@gmail.com\">mutualdelcirculo@gmail.com<br>info@mutualdelcirculodeministros.org.ar<\/a><\/p>\n\n\n\n<p class=\"wp-block-paragraph\">Tel\u00e9fonos: (011) 7078-1291<br>Whatsapp: 11-5097-6085<\/p>\n<\/div><\/div>\n","protected":false},"excerpt":{"rendered":"<p>24|06 TALLER \u00abENCUENTROS CON EL ARTE\u00bb \u2013 CHARLA 6 Estimados socios:&nbsp; &nbsp; &nbsp; &nbsp; &nbsp; &nbsp; &nbsp; &nbsp; &nbsp; &nbsp; &nbsp; &nbsp; &nbsp; &nbsp; &nbsp; &nbsp;Queremos recordarles&nbsp; que \u00e9ste viernes 24 de junio a las 15:00hrs. volveremos a reunirnos v\u00eda Zoom para participar de otro encuentro a cargo de la Prof\u00aa. Solange Jouinsse. Quienes deseen &hellip; <\/p>\n","protected":false},"author":1,"featured_media":334,"comment_status":"closed","ping_status":"closed","sticky":false,"template":"","format":"standard","meta":{"footnotes":""},"categories":[3,56],"tags":[25,42,43,45],"class_list":["post-329","post","type-post","status-publish","format-standard","has-post-thumbnail","hentry","category-actividades","category-talleres","tag-jouinsse","tag-solange-jouinsse","tag-taller","tag-talleres"],"_links":{"self":[{"href":"https:\/\/mutualdelcirculodeministros.org.ar\/actividades\/wp-json\/wp\/v2\/posts\/329","targetHints":{"allow":["GET"]}}],"collection":[{"href":"https:\/\/mutualdelcirculodeministros.org.ar\/actividades\/wp-json\/wp\/v2\/posts"}],"about":[{"href":"https:\/\/mutualdelcirculodeministros.org.ar\/actividades\/wp-json\/wp\/v2\/types\/post"}],"author":[{"embeddable":true,"href":"https:\/\/mutualdelcirculodeministros.org.ar\/actividades\/wp-json\/wp\/v2\/users\/1"}],"replies":[{"embeddable":true,"href":"https:\/\/mutualdelcirculodeministros.org.ar\/actividades\/wp-json\/wp\/v2\/comments?post=329"}],"version-history":[{"count":0,"href":"https:\/\/mutualdelcirculodeministros.org.ar\/actividades\/wp-json\/wp\/v2\/posts\/329\/revisions"}],"wp:featuredmedia":[{"embeddable":true,"href":"https:\/\/mutualdelcirculodeministros.org.ar\/actividades\/wp-json\/wp\/v2\/media\/334"}],"wp:attachment":[{"href":"https:\/\/mutualdelcirculodeministros.org.ar\/actividades\/wp-json\/wp\/v2\/media?parent=329"}],"wp:term":[{"taxonomy":"category","embeddable":true,"href":"https:\/\/mutualdelcirculodeministros.org.ar\/actividades\/wp-json\/wp\/v2\/categories?post=329"},{"taxonomy":"post_tag","embeddable":true,"href":"https:\/\/mutualdelcirculodeministros.org.ar\/actividades\/wp-json\/wp\/v2\/tags?post=329"}],"curies":[{"name":"wp","href":"https:\/\/api.w.org\/{rel}","templated":true}]}}