{"id":336,"date":"2022-06-23T16:20:31","date_gmt":"2022-06-23T19:20:31","guid":{"rendered":"https:\/\/mutualdelcirculodeministros.ar\/actividades\/?p=336"},"modified":"2022-06-23T16:20:31","modified_gmt":"2022-06-23T19:20:31","slug":"2706-visita-al-malba","status":"publish","type":"post","link":"https:\/\/mutualdelcirculodeministros.org.ar\/actividades\/2706-visita-al-malba\/","title":{"rendered":"27|06 Visita al MALBA"},"content":{"rendered":"\n<h1 class=\"wp-block-heading\">27|06 Visita al MALBA<\/h1>\n\n\n\n<p class=\"wp-block-paragraph\"><strong><u>Estimados Socios:<\/u><\/strong><\/p>\n\n\n\n<p class=\"wp-block-paragraph\">Un nuevo encuentro en el Malba nos espera el pr\u00f3ximo\u00a0<strong>lunes 27 de junio a las 15:00hrs.<\/strong><\/p>\n\n\n\n<p class=\"wp-block-paragraph\">Por ser una Edici\u00f3n&nbsp;especial, el mismo tendr\u00e1 una duraci\u00f3n de 90 minutos.<\/p>\n\n\n\n<p class=\"wp-block-paragraph\">Es importante la<strong> inscripci\u00f3n previa<\/strong> y el compromiso de asistencia, ya que son visitas muy requeridas que adem\u00e1s\u00a0comprometen nuestro trabajo como entidad.<\/p>\n\n\n\n<p class=\"wp-block-paragraph\">Desde ya muchas gracias y los esperamos!!!<\/p>\n\n\n\n<hr class=\"wp-block-separator has-alpha-channel-opacity\"\/>\n\n\n\n<p class=\"has-luminous-vivid-orange-color has-text-color wp-block-paragraph\"><strong><em>Esta edici\u00f3n especial<\/em>&#8230;<\/strong><\/p>\n\n\n\n<p class=\"wp-block-paragraph\">&#8230;propone un recorrido por la Colecci\u00f3n Malba, que aborda una selecci\u00f3n de obras de Emilio Pettoruti, Antonio Berni, C\u00e1ndido Portinari y Jorge De la Vega, entre otros. La propuesta est\u00e1 a cargo del grupo de adultos mayores mediadores culturales integrado por Alcira Jesiotr, Patricia Mazzoleni, Rita Campillo, Ricardo Alejo Gracias y Hugo Schamber. Consta de una aproximaci\u00f3n l\u00fadica a las obras que pondr\u00e1 en relaci\u00f3n distintos estilos musicales y aspectos sociales para compartir historias, relatos y an\u00e9cdotas, que\u00a0<strong>culminar\u00e1 en el espacio de Taller\u00a0<\/strong>donde la t\u00e9cnica del collage y otros recursos vinculados a la escritura servir\u00e1n para imaginar producciones individuales o grupales a partir de los recorridos transitados.<\/p>\n\n\n\n<p class=\"wp-block-paragraph\">Quienes est\u00e9n interesados en asistir podr\u00e1n hacer sus reservas y cualquier otra consulta\u00a0 a trav\u00e9s de las diferentes opciones que figuran a continuaci\u00f3n:<\/p>\n\n\n\n<div class=\"wp-block-group\"><div class=\"wp-block-group__inner-container is-layout-flow wp-block-group-is-layout-flow\">\n<div style=\"height:100px\" aria-hidden=\"true\" class=\"wp-block-spacer\"><\/div>\n\n\n\n<hr class=\"wp-block-separator has-alpha-channel-opacity\"\/>\n\n\n\n<p class=\"wp-block-paragraph\"><strong>Para m\u00e1s informaci\u00f3n:<\/strong><br><a href=\"mailto:mutualdelcirculo@gmail.com\">mutualdelcirculo@gmail.com<br>info@mutualdelcirculodeministros.org.ar<\/a><\/p>\n\n\n\n<p class=\"wp-block-paragraph\">Tel\u00e9fonos: (011) 7078-1291<br>Whatsapp: 11-5097-6085<\/p>\n<\/div><\/div>\n","protected":false},"excerpt":{"rendered":"<p>27|06 Visita al MALBA Estimados Socios: Un nuevo encuentro en el Malba nos espera el pr\u00f3ximo\u00a0lunes 27 de junio a las 15:00hrs. Por ser una Edici\u00f3n&nbsp;especial, el mismo tendr\u00e1 una duraci\u00f3n de 90 minutos. Es importante la inscripci\u00f3n previa y el compromiso de asistencia, ya que son visitas muy requeridas que adem\u00e1s\u00a0comprometen nuestro trabajo como &hellip; <\/p>\n","protected":false},"author":1,"featured_media":337,"comment_status":"closed","ping_status":"closed","sticky":false,"template":"","format":"standard","meta":{"footnotes":""},"categories":[3,57],"tags":[43,48,49],"class_list":["post-336","post","type-post","status-publish","format-standard","has-post-thumbnail","hentry","category-actividades","category-visitas-guiadas","tag-taller","tag-visita","tag-visita-guiada"],"_links":{"self":[{"href":"https:\/\/mutualdelcirculodeministros.org.ar\/actividades\/wp-json\/wp\/v2\/posts\/336","targetHints":{"allow":["GET"]}}],"collection":[{"href":"https:\/\/mutualdelcirculodeministros.org.ar\/actividades\/wp-json\/wp\/v2\/posts"}],"about":[{"href":"https:\/\/mutualdelcirculodeministros.org.ar\/actividades\/wp-json\/wp\/v2\/types\/post"}],"author":[{"embeddable":true,"href":"https:\/\/mutualdelcirculodeministros.org.ar\/actividades\/wp-json\/wp\/v2\/users\/1"}],"replies":[{"embeddable":true,"href":"https:\/\/mutualdelcirculodeministros.org.ar\/actividades\/wp-json\/wp\/v2\/comments?post=336"}],"version-history":[{"count":0,"href":"https:\/\/mutualdelcirculodeministros.org.ar\/actividades\/wp-json\/wp\/v2\/posts\/336\/revisions"}],"wp:featuredmedia":[{"embeddable":true,"href":"https:\/\/mutualdelcirculodeministros.org.ar\/actividades\/wp-json\/wp\/v2\/media\/337"}],"wp:attachment":[{"href":"https:\/\/mutualdelcirculodeministros.org.ar\/actividades\/wp-json\/wp\/v2\/media?parent=336"}],"wp:term":[{"taxonomy":"category","embeddable":true,"href":"https:\/\/mutualdelcirculodeministros.org.ar\/actividades\/wp-json\/wp\/v2\/categories?post=336"},{"taxonomy":"post_tag","embeddable":true,"href":"https:\/\/mutualdelcirculodeministros.org.ar\/actividades\/wp-json\/wp\/v2\/tags?post=336"}],"curies":[{"name":"wp","href":"https:\/\/api.w.org\/{rel}","templated":true}]}}