{"id":344,"date":"2022-07-01T11:02:04","date_gmt":"2022-07-01T14:02:04","guid":{"rendered":"https:\/\/mutualdelcirculodeministros.ar\/actividades\/?p=344"},"modified":"2022-07-01T11:02:04","modified_gmt":"2022-07-01T14:02:04","slug":"0107-taller-encuentros-con-el-arte-charla-7","status":"publish","type":"post","link":"https:\/\/mutualdelcirculodeministros.org.ar\/actividades\/0107-taller-encuentros-con-el-arte-charla-7\/","title":{"rendered":"01|07 TALLER \u00abENCUENTROS CON EL ARTE\u00bb  \u2013 CHARLA 7"},"content":{"rendered":"\n<h1 class=\"wp-block-heading\">01|07 TALLER \u00abENCUENTROS CON EL ARTE\u00bb \u2013 CHARLA 7<\/h1>\n\n\n\n<p class=\"wp-block-paragraph\">Estimados Socios:<\/p>\n\n\n\n<p class=\"wp-block-paragraph\">&nbsp; &nbsp; &nbsp; &nbsp; &nbsp; &nbsp; &nbsp; &nbsp; &nbsp; &nbsp; &nbsp; &nbsp; &nbsp; &nbsp; &nbsp;Les recordamos que el pr\u00f3ximo viernes 1\u00ba de julio a las 15:00 hrs. volveremos a reunirnos via Zoom con la Prof\u00aa. Solange Jouinsse en una nueva charla del Taller de Encuentros con el Arte. Aquellos que est\u00e9n interesados en sumarse a \u00e9stas reuniones y hasta ahora no hayan participado, tengan presente&nbsp; que deber\u00e1n primero inscribirse a trav\u00e9s de los diferentes medios de contacto para poder hacerles llegar el link y as\u00ed poder ingresar al Zoom.<\/p>\n\n\n\n<p class=\"wp-block-paragraph\">Los movimientos de posguerra. Parte 1<\/p>\n\n\n\n<p class=\"wp-block-paragraph\">Viernes 1\u00ba de julio<\/p>\n\n\n\n<p class=\"has-luminous-vivid-orange-color has-text-color wp-block-paragraph\"><strong><em>Charla 7:\u00a0<\/em><\/strong><\/p>\n\n\n\n<p class=\"has-black-color has-text-color wp-block-paragraph\">Todo sobre Marcel Duchamp. Surrealismo: Arte Degenerado en Alemania. El centro del arte se<br>muda de Paris a Nueva York.\u00a0\u00a0Del Dada a Freud. Jean Arp, Max Ernst, Magritte, Miro, Dal\u00ed,<br>entre muchos y Jean Cocteau y los artistas del regreso al orden.<\/p>\n\n\n\n<div class=\"wp-block-group\"><div class=\"wp-block-group__inner-container is-layout-flow wp-block-group-is-layout-flow\">\n<div style=\"height:100px\" aria-hidden=\"true\" class=\"wp-block-spacer\"><\/div>\n\n\n\n<hr class=\"wp-block-separator has-alpha-channel-opacity\"\/>\n\n\n\n<p class=\"wp-block-paragraph\"><strong>Para m\u00e1s informaci\u00f3n:<\/strong><br><a href=\"mailto:mutualdelcirculo@gmail.com\">mutualdelcirculo@gmail.com<br>info@mutualdelcirculodeministros.org.ar<\/a><\/p>\n\n\n\n<p class=\"wp-block-paragraph\">Tel\u00e9fonos: (011) 7078-1291<br>Whatsapp: 11-5097-6085<\/p>\n<\/div><\/div>\n","protected":false},"excerpt":{"rendered":"<p>01|07 TALLER \u00abENCUENTROS CON EL ARTE\u00bb \u2013 CHARLA 7 Estimados Socios: &nbsp; &nbsp; &nbsp; &nbsp; &nbsp; &nbsp; &nbsp; &nbsp; &nbsp; &nbsp; &nbsp; &nbsp; &nbsp; &nbsp; &nbsp;Les recordamos que el pr\u00f3ximo viernes 1\u00ba de julio a las 15:00 hrs. volveremos a reunirnos via Zoom con la Prof\u00aa. Solange Jouinsse en una nueva charla del Taller de &hellip; <\/p>\n","protected":false},"author":1,"featured_media":345,"comment_status":"closed","ping_status":"closed","sticky":false,"template":"","format":"standard","meta":{"footnotes":""},"categories":[3,56],"tags":[9,25,41,42,43,44],"class_list":["post-344","post","type-post","status-publish","format-standard","has-post-thumbnail","hentry","category-actividades","category-talleres","tag-charla","tag-jouinsse","tag-solange","tag-solange-jouinsse","tag-taller","tag-taller-de-arte"],"_links":{"self":[{"href":"https:\/\/mutualdelcirculodeministros.org.ar\/actividades\/wp-json\/wp\/v2\/posts\/344","targetHints":{"allow":["GET"]}}],"collection":[{"href":"https:\/\/mutualdelcirculodeministros.org.ar\/actividades\/wp-json\/wp\/v2\/posts"}],"about":[{"href":"https:\/\/mutualdelcirculodeministros.org.ar\/actividades\/wp-json\/wp\/v2\/types\/post"}],"author":[{"embeddable":true,"href":"https:\/\/mutualdelcirculodeministros.org.ar\/actividades\/wp-json\/wp\/v2\/users\/1"}],"replies":[{"embeddable":true,"href":"https:\/\/mutualdelcirculodeministros.org.ar\/actividades\/wp-json\/wp\/v2\/comments?post=344"}],"version-history":[{"count":0,"href":"https:\/\/mutualdelcirculodeministros.org.ar\/actividades\/wp-json\/wp\/v2\/posts\/344\/revisions"}],"wp:featuredmedia":[{"embeddable":true,"href":"https:\/\/mutualdelcirculodeministros.org.ar\/actividades\/wp-json\/wp\/v2\/media\/345"}],"wp:attachment":[{"href":"https:\/\/mutualdelcirculodeministros.org.ar\/actividades\/wp-json\/wp\/v2\/media?parent=344"}],"wp:term":[{"taxonomy":"category","embeddable":true,"href":"https:\/\/mutualdelcirculodeministros.org.ar\/actividades\/wp-json\/wp\/v2\/categories?post=344"},{"taxonomy":"post_tag","embeddable":true,"href":"https:\/\/mutualdelcirculodeministros.org.ar\/actividades\/wp-json\/wp\/v2\/tags?post=344"}],"curies":[{"name":"wp","href":"https:\/\/api.w.org\/{rel}","templated":true}]}}