{"id":366,"date":"2022-08-19T15:08:57","date_gmt":"2022-08-19T18:08:57","guid":{"rendered":"https:\/\/mutualdelcirculodeministros.ar\/actividades\/?p=366"},"modified":"2022-08-19T15:08:57","modified_gmt":"2022-08-19T18:08:57","slug":"1908-taller-encuentros-con-el-arte-charla-9","status":"publish","type":"post","link":"https:\/\/mutualdelcirculodeministros.org.ar\/actividades\/1908-taller-encuentros-con-el-arte-charla-9\/","title":{"rendered":"19|08 TALLER &#8220;ENCUENTROS CON EL ARTE&#8221; &#8211; CHARLA 9"},"content":{"rendered":"\n<p class=\"wp-block-paragraph\">Estimados Socios:&nbsp;&nbsp;<\/p>\n\n\n\n<p class=\"wp-block-paragraph\">&nbsp; &nbsp; &nbsp; &nbsp; &nbsp; &nbsp; &nbsp; &nbsp; &nbsp; &nbsp; &nbsp; &nbsp; &nbsp; &nbsp; Les recordamos que el pr\u00f3ximo viernes 19 de agosto a las 15:00 hrs. volveremos a reunirnos via Zoom con la Prof\u00aa. Solange Jouinsse en una nueva charla para el Taller de Encuentros con el Arte. Aquellos que est\u00e9n interesados en sumarse a \u00e9stas reuniones y a\u00fan no hayan participado, deber\u00e1n&nbsp; inscribirse a trav\u00e9s de los diferentes medios de contacto para poder hacerles llegar el link correspondiente.<\/p>\n\n\n\n<p class=\"has-luminous-vivid-orange-color has-text-color wp-block-paragraph\"><em><strong>Charla 9:&nbsp;viernes 19 de agosto<\/strong><\/em><\/p>\n\n\n\n<p class=\"wp-block-paragraph\">&nbsp;Muralismo Mexicano. Rivera, Orozco y Siqueiros conquistan Am\u00e9rica. Los muralistas en Estados Unidos. Frida Kahlo.El New Deal y la revoluci\u00f3n del arte en USA. Del Regionalismo al expresionismo abstracto.&nbsp;Informalismos en Europa: Burri y Fontana. Francis Bacon y Giacometti. Lucian Freud.&nbsp;Expresionismo abstracto:&nbsp;La escuela de Nueva York: Pollock, De Kooning, Kline y la pintura de acci\u00f3n.<\/p>\n\n\n\n<div class=\"wp-block-group\"><div class=\"wp-block-group__inner-container is-layout-flow wp-block-group-is-layout-flow\">\n<div style=\"height:100px\" aria-hidden=\"true\" class=\"wp-block-spacer\"><\/div>\n\n\n\n<hr class=\"wp-block-separator has-alpha-channel-opacity\"\/>\n\n\n\n<p class=\"wp-block-paragraph\"><strong>Para m\u00e1s informaci\u00f3n:<\/strong><br><a href=\"mailto:mutualdelcirculo@gmail.com\">mutualdelcirculo@gmail.com<br>info@mutualdelcirculodeministros.org.ar<\/a><\/p>\n\n\n\n<p class=\"wp-block-paragraph\">Tel\u00e9fonos: (011) 7078-1291<br>Whatsapp: 11-5097-6085<\/p>\n<\/div><\/div>\n","protected":false},"excerpt":{"rendered":"<p>Estimados Socios:&nbsp;&nbsp; &nbsp; &nbsp; &nbsp; &nbsp; &nbsp; &nbsp; &nbsp; &nbsp; &nbsp; &nbsp; &nbsp; &nbsp; &nbsp; &nbsp; Les recordamos que el pr\u00f3ximo viernes 19 de agosto a las 15:00 hrs. volveremos a reunirnos via Zoom con la Prof\u00aa. Solange Jouinsse en una nueva charla para el Taller de Encuentros con el Arte. Aquellos que est\u00e9n interesados &hellip; <\/p>\n","protected":false},"author":1,"featured_media":371,"comment_status":"closed","ping_status":"closed","sticky":false,"template":"","format":"standard","meta":{"footnotes":""},"categories":[3,56],"tags":[5,18,25,41,42,43,47],"class_list":["post-366","post","type-post","status-publish","format-standard","has-post-thumbnail","hentry","category-actividades","category-talleres","tag-arte","tag-encuentros-con-el-arte","tag-jouinsse","tag-solange","tag-solange-jouinsse","tag-taller","tag-virtual"],"_links":{"self":[{"href":"https:\/\/mutualdelcirculodeministros.org.ar\/actividades\/wp-json\/wp\/v2\/posts\/366","targetHints":{"allow":["GET"]}}],"collection":[{"href":"https:\/\/mutualdelcirculodeministros.org.ar\/actividades\/wp-json\/wp\/v2\/posts"}],"about":[{"href":"https:\/\/mutualdelcirculodeministros.org.ar\/actividades\/wp-json\/wp\/v2\/types\/post"}],"author":[{"embeddable":true,"href":"https:\/\/mutualdelcirculodeministros.org.ar\/actividades\/wp-json\/wp\/v2\/users\/1"}],"replies":[{"embeddable":true,"href":"https:\/\/mutualdelcirculodeministros.org.ar\/actividades\/wp-json\/wp\/v2\/comments?post=366"}],"version-history":[{"count":0,"href":"https:\/\/mutualdelcirculodeministros.org.ar\/actividades\/wp-json\/wp\/v2\/posts\/366\/revisions"}],"wp:featuredmedia":[{"embeddable":true,"href":"https:\/\/mutualdelcirculodeministros.org.ar\/actividades\/wp-json\/wp\/v2\/media\/371"}],"wp:attachment":[{"href":"https:\/\/mutualdelcirculodeministros.org.ar\/actividades\/wp-json\/wp\/v2\/media?parent=366"}],"wp:term":[{"taxonomy":"category","embeddable":true,"href":"https:\/\/mutualdelcirculodeministros.org.ar\/actividades\/wp-json\/wp\/v2\/categories?post=366"},{"taxonomy":"post_tag","embeddable":true,"href":"https:\/\/mutualdelcirculodeministros.org.ar\/actividades\/wp-json\/wp\/v2\/tags?post=366"}],"curies":[{"name":"wp","href":"https:\/\/api.w.org\/{rel}","templated":true}]}}