{"id":381,"date":"2022-08-23T10:48:00","date_gmt":"2022-08-23T13:48:00","guid":{"rendered":"https:\/\/mutualdelcirculodeministros.ar\/actividades\/?p=381"},"modified":"2022-08-23T10:48:00","modified_gmt":"2022-08-23T13:48:00","slug":"2308-taller-de-estimulacion-cognitiva-virtual","status":"publish","type":"post","link":"https:\/\/mutualdelcirculodeministros.org.ar\/actividades\/2308-taller-de-estimulacion-cognitiva-virtual\/","title":{"rendered":"23|08 Taller de Estimulaci\u00f3n Cognitiva. Virtual"},"content":{"rendered":"\n<h1 class=\"wp-block-heading\">23|08 Taller de Estimulaci\u00f3n Cognitiva. Virtual<\/h1>\n\n\n\n<h3 class=\"has-luminous-vivid-orange-color has-text-color wp-block-heading\">Con la Profesora Mariana Karmann<\/h3>\n\n\n\n<p class=\"wp-block-paragraph\">Estimados Socios:<\/p>\n\n\n\n<p class=\"has-black-color has-text-color wp-block-paragraph\">\u00a0 \u00a0 \u00a0 \u00a0 \u00a0 \u00a0 \u00a0 \u00a0 \u00a0 \u00a0 \u00a0 \u00a0 \u00a0 \u00a0 \u00a0 Les recordamos que el <strong>martes 23 de agosto a las 15:30 hs<\/strong>. nos volveremos a encontrar v\u00eda Zoom en el Taller de Estimulaci\u00f3n Cognitiva a cargo de la Prof\u00aa Mariana Karmann. Quienes deseen participar por primera vez de la reuni\u00f3n deber\u00e1n enviarnos su inter\u00e9s a trav\u00e9s de las diferentes alternativas de contacto para poder hacerles llegar el link correspondiente.<\/p>\n\n\n\n<p class=\"wp-block-paragraph\">\u00a1Los esperamos!<\/p>\n\n\n\n<p class=\"wp-block-paragraph\">Saludos cordiales.<\/p>\n\n\n\n<figure class=\"wp-block-image size-large is-resized\"><a href=\"https:\/\/mutualdelcirculodeministros.org.ar\/actividades\/wp-content\/uploads\/2022\/08\/20220823-taller-estimulacion-congnitiva.jpg\"><img loading=\"lazy\" decoding=\"async\" src=\"https:\/\/mutualdelcirculodeministros.org.ar\/actividades\/wp-content\/uploads\/2022\/08\/20220823-taller-estimulacion-congnitiva-1024x1024.jpg\" alt=\"\" class=\"wp-image-382\" width=\"512\" height=\"512\" srcset=\"https:\/\/mutualdelcirculodeministros.org.ar\/actividades\/wp-content\/uploads\/2022\/08\/20220823-taller-estimulacion-congnitiva-1024x1024.jpg 1024w, https:\/\/mutualdelcirculodeministros.org.ar\/actividades\/wp-content\/uploads\/2022\/08\/20220823-taller-estimulacion-congnitiva-300x300.jpg 300w, https:\/\/mutualdelcirculodeministros.org.ar\/actividades\/wp-content\/uploads\/2022\/08\/20220823-taller-estimulacion-congnitiva-150x150.jpg 150w, https:\/\/mutualdelcirculodeministros.org.ar\/actividades\/wp-content\/uploads\/2022\/08\/20220823-taller-estimulacion-congnitiva-768x768.jpg 768w, https:\/\/mutualdelcirculodeministros.org.ar\/actividades\/wp-content\/uploads\/2022\/08\/20220823-taller-estimulacion-congnitiva.jpg 1080w\" sizes=\"auto, (max-width: 512px) 100vw, 512px\" \/><\/a><\/figure>\n\n\n\n<div class=\"wp-block-group\"><div class=\"wp-block-group__inner-container is-layout-flow wp-block-group-is-layout-flow\">\n<div style=\"height:100px\" aria-hidden=\"true\" class=\"wp-block-spacer\"><\/div>\n\n\n\n<hr class=\"wp-block-separator has-alpha-channel-opacity\"\/>\n\n\n\n<p class=\"wp-block-paragraph\"><strong>Para m\u00e1s informaci\u00f3n:<\/strong><br><a href=\"mailto:mutualdelcirculo@gmail.com\">mutualdelcirculo@gmail.com<br>info@mutualdelcirculodeministros.org.ar<\/a><\/p>\n\n\n\n<p class=\"wp-block-paragraph\">Tel\u00e9fonos: (011) 7078-1291<br>Whatsapp: 11-5097-6085<\/p>\n<\/div><\/div>\n\n\n\n<p class=\"wp-block-paragraph\"><\/p>\n","protected":false},"excerpt":{"rendered":"<p>23|08 Taller de Estimulaci\u00f3n Cognitiva. Virtual Con la Profesora Mariana Karmann Estimados Socios: \u00a0 \u00a0 \u00a0 \u00a0 \u00a0 \u00a0 \u00a0 \u00a0 \u00a0 \u00a0 \u00a0 \u00a0 \u00a0 \u00a0 \u00a0 Les recordamos que el martes 23 de agosto a las 15:30 hs. nos volveremos a encontrar v\u00eda Zoom en el Taller de Estimulaci\u00f3n Cognitiva a cargo de &hellip; <\/p>\n","protected":false},"author":1,"featured_media":197,"comment_status":"closed","ping_status":"closed","sticky":false,"template":"","format":"standard","meta":{"footnotes":""},"categories":[3,56],"tags":[26,27,28,35,43,47],"class_list":["post-381","post","type-post","status-publish","format-standard","has-post-thumbnail","hentry","category-actividades","category-talleres","tag-karmann","tag-mariana","tag-mariana-karmann","tag-online","tag-taller","tag-virtual"],"_links":{"self":[{"href":"https:\/\/mutualdelcirculodeministros.org.ar\/actividades\/wp-json\/wp\/v2\/posts\/381","targetHints":{"allow":["GET"]}}],"collection":[{"href":"https:\/\/mutualdelcirculodeministros.org.ar\/actividades\/wp-json\/wp\/v2\/posts"}],"about":[{"href":"https:\/\/mutualdelcirculodeministros.org.ar\/actividades\/wp-json\/wp\/v2\/types\/post"}],"author":[{"embeddable":true,"href":"https:\/\/mutualdelcirculodeministros.org.ar\/actividades\/wp-json\/wp\/v2\/users\/1"}],"replies":[{"embeddable":true,"href":"https:\/\/mutualdelcirculodeministros.org.ar\/actividades\/wp-json\/wp\/v2\/comments?post=381"}],"version-history":[{"count":0,"href":"https:\/\/mutualdelcirculodeministros.org.ar\/actividades\/wp-json\/wp\/v2\/posts\/381\/revisions"}],"wp:featuredmedia":[{"embeddable":true,"href":"https:\/\/mutualdelcirculodeministros.org.ar\/actividades\/wp-json\/wp\/v2\/media\/197"}],"wp:attachment":[{"href":"https:\/\/mutualdelcirculodeministros.org.ar\/actividades\/wp-json\/wp\/v2\/media?parent=381"}],"wp:term":[{"taxonomy":"category","embeddable":true,"href":"https:\/\/mutualdelcirculodeministros.org.ar\/actividades\/wp-json\/wp\/v2\/categories?post=381"},{"taxonomy":"post_tag","embeddable":true,"href":"https:\/\/mutualdelcirculodeministros.org.ar\/actividades\/wp-json\/wp\/v2\/tags?post=381"}],"curies":[{"name":"wp","href":"https:\/\/api.w.org\/{rel}","templated":true}]}}