{"id":396,"date":"2022-09-14T09:00:00","date_gmt":"2022-09-14T12:00:00","guid":{"rendered":"https:\/\/mutualdelcirculodeministros.ar\/actividades\/?p=396"},"modified":"2022-09-14T09:00:00","modified_gmt":"2022-09-14T12:00:00","slug":"1409-taller-encuentros-con-el-arte-charla-10","status":"publish","type":"post","link":"https:\/\/mutualdelcirculodeministros.org.ar\/actividades\/1409-taller-encuentros-con-el-arte-charla-10\/","title":{"rendered":"14|09 TALLER &#8220;ENCUENTROS CON EL ARTE&#8221; &#8211; CHARLA 10"},"content":{"rendered":"\n<h1 class=\"wp-block-heading\">14|09 TALLER &#8220;ENCUENTROS CON EL ARTE&#8221; &#8211; CHARLA 10<\/h1>\n\n\n\n<p class=\"wp-block-paragraph\">Estimados Socios y amigos:<\/p>\n\n\n\n<p class=\"wp-block-paragraph\">&nbsp; &nbsp; &nbsp; &nbsp; &nbsp; &nbsp; &nbsp; &nbsp; &nbsp; &nbsp; &nbsp; &nbsp; &nbsp; &nbsp; &nbsp; &nbsp; &nbsp; &nbsp; &nbsp; &nbsp; &nbsp; &nbsp; &nbsp;Les recordamos que el pr\u00f3ximo&nbsp;<strong>mi\u00e9rcoles&nbsp;14 de septiembre a las 15:00 hrs.<\/strong> nos reuniremos via Zoom con la Prof\u00aa. Solange Jouinsse en una nueva charla para el Taller de Encuentros con el Arte. Aquellos que est\u00e9n interesados en sumarse a \u00e9stas reuniones y a\u00fan no hayan participado, deber\u00e1n&nbsp; inscribirse a trav\u00e9s de los diferentes medios de contacto para poder hacerles llegar el link correspondiente.<\/p>\n\n\n\n<p class=\"has-luminous-vivid-orange-color has-text-color wp-block-paragraph\"><em><strong>Charla 10:&nbsp;mi\u00e9rcoles&nbsp;14 de septiembre<\/strong><\/em><\/p>\n\n\n\n<p class=\"wp-block-paragraph\"><em>Francis Bacon y Giacometti. Lucian Freud.&nbsp;Expresionismo abstracto:&nbsp;La escuela de Nueva York: Pollock, De Kooning, Kline y la pintura de acci\u00f3n.&nbsp;<\/em><\/p>\n\n\n<div class=\"wp-block-image\">\n<figure class=\"aligncenter size-medium is-resized\"><a href=\"https:\/\/mutualdelcirculodeministros.org.ar\/actividades\/wp-content\/uploads\/2022\/08\/IMG-20220822-WA0006.jpg\"><img loading=\"lazy\" decoding=\"async\" src=\"https:\/\/mutualdelcirculodeministros.org.ar\/actividades\/wp-content\/uploads\/2022\/08\/IMG-20220822-WA0006-240x300.jpg\" alt=\"taller de arte. encuentros con el arte.\" class=\"wp-image-397\" width=\"303\" height=\"379\" srcset=\"https:\/\/mutualdelcirculodeministros.org.ar\/actividades\/wp-content\/uploads\/2022\/08\/IMG-20220822-WA0006-240x300.jpg 240w, https:\/\/mutualdelcirculodeministros.org.ar\/actividades\/wp-content\/uploads\/2022\/08\/IMG-20220822-WA0006-819x1024.jpg 819w, https:\/\/mutualdelcirculodeministros.org.ar\/actividades\/wp-content\/uploads\/2022\/08\/IMG-20220822-WA0006-768x960.jpg 768w, https:\/\/mutualdelcirculodeministros.org.ar\/actividades\/wp-content\/uploads\/2022\/08\/IMG-20220822-WA0006.jpg 1024w\" sizes=\"auto, (max-width: 303px) 100vw, 303px\" \/><\/a><\/figure>\n<\/div>\n\n\n<div class=\"wp-block-group\"><div class=\"wp-block-group__inner-container is-layout-flow wp-block-group-is-layout-flow\">\n<div style=\"height:100px\" aria-hidden=\"true\" class=\"wp-block-spacer\"><\/div>\n\n\n\n<hr class=\"wp-block-separator has-alpha-channel-opacity\"\/>\n\n\n\n<p class=\"wp-block-paragraph\"><strong>Para m\u00e1s informaci\u00f3n:<\/strong><br><a href=\"mailto:mutualdelcirculo@gmail.com\">mutualdelcirculo@gmail.com<br>info@mutualdelcirculodeministros.org.ar<\/a><\/p>\n\n\n\n<p class=\"wp-block-paragraph\">Tel\u00e9fonos: (011) 7078-1291<br>Whatsapp: 11-5097-6085<\/p>\n<\/div><\/div>\n","protected":false},"excerpt":{"rendered":"<p>Mi\u00e9rcoles\u00a014 de septiembre a las 15:00 hrs. nos reuniremos via Zoom con la Prof\u00aa. Solange Jouinsse en una nueva charla para el Taller de Encuentros con el Arte. <\/p>\n","protected":false},"author":1,"featured_media":399,"comment_status":"closed","ping_status":"closed","sticky":false,"template":"","format":"standard","meta":{"footnotes":""},"categories":[3,56],"tags":[18,25,35,42,43,47],"class_list":["post-396","post","type-post","status-publish","format-standard","has-post-thumbnail","hentry","category-actividades","category-talleres","tag-encuentros-con-el-arte","tag-jouinsse","tag-online","tag-solange-jouinsse","tag-taller","tag-virtual"],"_links":{"self":[{"href":"https:\/\/mutualdelcirculodeministros.org.ar\/actividades\/wp-json\/wp\/v2\/posts\/396","targetHints":{"allow":["GET"]}}],"collection":[{"href":"https:\/\/mutualdelcirculodeministros.org.ar\/actividades\/wp-json\/wp\/v2\/posts"}],"about":[{"href":"https:\/\/mutualdelcirculodeministros.org.ar\/actividades\/wp-json\/wp\/v2\/types\/post"}],"author":[{"embeddable":true,"href":"https:\/\/mutualdelcirculodeministros.org.ar\/actividades\/wp-json\/wp\/v2\/users\/1"}],"replies":[{"embeddable":true,"href":"https:\/\/mutualdelcirculodeministros.org.ar\/actividades\/wp-json\/wp\/v2\/comments?post=396"}],"version-history":[{"count":0,"href":"https:\/\/mutualdelcirculodeministros.org.ar\/actividades\/wp-json\/wp\/v2\/posts\/396\/revisions"}],"wp:featuredmedia":[{"embeddable":true,"href":"https:\/\/mutualdelcirculodeministros.org.ar\/actividades\/wp-json\/wp\/v2\/media\/399"}],"wp:attachment":[{"href":"https:\/\/mutualdelcirculodeministros.org.ar\/actividades\/wp-json\/wp\/v2\/media?parent=396"}],"wp:term":[{"taxonomy":"category","embeddable":true,"href":"https:\/\/mutualdelcirculodeministros.org.ar\/actividades\/wp-json\/wp\/v2\/categories?post=396"},{"taxonomy":"post_tag","embeddable":true,"href":"https:\/\/mutualdelcirculodeministros.org.ar\/actividades\/wp-json\/wp\/v2\/tags?post=396"}],"curies":[{"name":"wp","href":"https:\/\/api.w.org\/{rel}","templated":true}]}}