{"id":403,"date":"2022-09-07T12:38:00","date_gmt":"2022-09-07T15:38:00","guid":{"rendered":"https:\/\/mutualdelcirculodeministros.ar\/actividades\/?p=403"},"modified":"2022-09-07T12:38:00","modified_gmt":"2022-09-07T15:38:00","slug":"0709-visita-guiada-presencial-fundacion-federico-jorge-klemm","status":"publish","type":"post","link":"https:\/\/mutualdelcirculodeministros.org.ar\/actividades\/0709-visita-guiada-presencial-fundacion-federico-jorge-klemm\/","title":{"rendered":"07|09 VISITA GUIADA PRESENCIAL: &#8220;FUNDACI\u00d3N FEDERICO JORGE KLEMM&#8221;"},"content":{"rendered":"\n<h1 class=\"wp-block-heading\">07|09 VISITA GUIADA PRESENCIAL: &#8220;FUNDACI\u00d3N FEDERICO JORGE KLEMM&#8221;<\/h1>\n\n\n\n<p class=\"wp-block-paragraph\">Estimados socios y amigos:<\/p>\n\n\n\n<p class=\"wp-block-paragraph\">&nbsp; &nbsp; &nbsp; &nbsp; &nbsp; &nbsp; &nbsp; &nbsp; &nbsp; &nbsp; &nbsp; &nbsp; &nbsp; &nbsp; &nbsp; &nbsp; &nbsp; &nbsp; &nbsp; &nbsp; &nbsp; &nbsp; Recuerden que hoy vence el plazo para inscribirse a la visita presencial y privada a la Fundaci\u00f3n F. Klemm, guiada por la Prof\u00aa. Solange Jouinsse.<\/p>\n\n\n\n<p class=\"wp-block-paragraph\">La Colecci\u00f3n patrimonial de la Fundaci\u00f3n Federico Jorge Klemm cuenta con m\u00e1s de 760 obras entre pinturas, esculturas, grabados, dibujos, impresiones gr\u00e1ficas m\u00faltiples, objetos, instalaciones, piezas de videoarte y audiovisuales. Integran el patrimonio piezas del arte moderno internacional y nacional, arte contempor\u00e1neo y emergente argentino y la obra pict\u00f3rica y fotogr\u00e1fica de Federico Klemm.<\/p>\n\n\n\n<p class=\"wp-block-paragraph\"><strong>Lugar de encuentro:&nbsp;<\/strong>Marcelo T. de Alvear 628, C.A.B.A&nbsp;<\/p>\n\n\n\n<p class=\"wp-block-paragraph\"><strong>Horario de encuentro:&nbsp;<\/strong>14:15 hrs.<\/p>\n\n\n\n<p class=\"wp-block-paragraph\"><strong>Horario de la visita :&nbsp;<\/strong>14:30 hrs.<\/p>\n\n\n\n<p class=\"wp-block-paragraph\"><strong>Reservas:&nbsp;<\/strong>por mail o a los tel\u00e9fonos 70781291&nbsp; \/1157976085<\/p>\n\n\n\n<p class=\"wp-block-paragraph\"><strong>Fecha l\u00edmite de inscripci\u00f3n:&nbsp;<\/strong>lunes 5 de septiembre<\/p>\n\n\n\n<p class=\"wp-block-paragraph\"><strong>Valor de la entrada: Socios:<\/strong>&nbsp;$500. Invitados: $600<\/p>\n\n\n\n<p class=\"wp-block-paragraph\"><strong>No se suspende por lluvia.<\/strong><\/p>\n\n\n\n<div class=\"wp-block-group\"><div class=\"wp-block-group__inner-container is-layout-flow wp-block-group-is-layout-flow\">\n<div style=\"height:100px\" aria-hidden=\"true\" class=\"wp-block-spacer\"><\/div>\n\n\n\n<hr class=\"wp-block-separator has-alpha-channel-opacity\"\/>\n\n\n\n<p class=\"wp-block-paragraph\"><strong>Para m\u00e1s informaci\u00f3n:<\/strong><br><a href=\"mailto:mutualdelcirculo@gmail.com\">mutualdelcirculo@gmail.com<br>info@mutualdelcirculodeministros.org.ar<\/a><\/p>\n\n\n\n<p class=\"wp-block-paragraph\">Tel\u00e9fonos: (011) 7078-1291<br>Whatsapp: 11-5097-6085<\/p>\n<\/div><\/div>\n","protected":false},"excerpt":{"rendered":"<p>07|09 VISITA GUIADA PRESENCIAL: &#8220;FUNDACI\u00d3N FEDERICO JORGE KLEMM&#8221; Estimados socios y amigos: &nbsp; &nbsp; &nbsp; &nbsp; &nbsp; &nbsp; &nbsp; &nbsp; &nbsp; &nbsp; &nbsp; &nbsp; &nbsp; &nbsp; &nbsp; &nbsp; &nbsp; &nbsp; &nbsp; &nbsp; &nbsp; &nbsp; Recuerden que hoy vence el plazo para inscribirse a la visita presencial y privada a la Fundaci\u00f3n F. Klemm, guiada por &hellip; <\/p>\n","protected":false},"author":1,"featured_media":413,"comment_status":"closed","ping_status":"closed","sticky":false,"template":"","format":"standard","meta":{"footnotes":""},"categories":[3,57],"tags":[49],"class_list":["post-403","post","type-post","status-publish","format-standard","has-post-thumbnail","hentry","category-actividades","category-visitas-guiadas","tag-visita-guiada"],"_links":{"self":[{"href":"https:\/\/mutualdelcirculodeministros.org.ar\/actividades\/wp-json\/wp\/v2\/posts\/403","targetHints":{"allow":["GET"]}}],"collection":[{"href":"https:\/\/mutualdelcirculodeministros.org.ar\/actividades\/wp-json\/wp\/v2\/posts"}],"about":[{"href":"https:\/\/mutualdelcirculodeministros.org.ar\/actividades\/wp-json\/wp\/v2\/types\/post"}],"author":[{"embeddable":true,"href":"https:\/\/mutualdelcirculodeministros.org.ar\/actividades\/wp-json\/wp\/v2\/users\/1"}],"replies":[{"embeddable":true,"href":"https:\/\/mutualdelcirculodeministros.org.ar\/actividades\/wp-json\/wp\/v2\/comments?post=403"}],"version-history":[{"count":0,"href":"https:\/\/mutualdelcirculodeministros.org.ar\/actividades\/wp-json\/wp\/v2\/posts\/403\/revisions"}],"wp:featuredmedia":[{"embeddable":true,"href":"https:\/\/mutualdelcirculodeministros.org.ar\/actividades\/wp-json\/wp\/v2\/media\/413"}],"wp:attachment":[{"href":"https:\/\/mutualdelcirculodeministros.org.ar\/actividades\/wp-json\/wp\/v2\/media?parent=403"}],"wp:term":[{"taxonomy":"category","embeddable":true,"href":"https:\/\/mutualdelcirculodeministros.org.ar\/actividades\/wp-json\/wp\/v2\/categories?post=403"},{"taxonomy":"post_tag","embeddable":true,"href":"https:\/\/mutualdelcirculodeministros.org.ar\/actividades\/wp-json\/wp\/v2\/tags?post=403"}],"curies":[{"name":"wp","href":"https:\/\/api.w.org\/{rel}","templated":true}]}}