{"id":423,"date":"2022-10-12T11:31:00","date_gmt":"2022-10-12T14:31:00","guid":{"rendered":"https:\/\/mutualdelcirculodeministros.ar\/actividades\/?p=423"},"modified":"2022-10-12T11:31:00","modified_gmt":"2022-10-12T14:31:00","slug":"taller-de-encuentros-con-el-arte-charla-12","status":"publish","type":"post","link":"https:\/\/mutualdelcirculodeministros.org.ar\/actividades\/taller-de-encuentros-con-el-arte-charla-12\/","title":{"rendered":"12|10 TALLER DE \u00abENCUENTROS CON EL ARTE\u00bb \u2013 CHARLA 12"},"content":{"rendered":"\n<h1 class=\"wp-block-heading\">12|10 TALLER DE \u00abENCUENTROS CON EL ARTE\u00bb \u2013 CHARLA 12<\/h1>\n\n\n\n<p class=\"wp-block-paragraph\">Estimados Socios y amigos:&nbsp;<\/p>\n\n\n\n<p class=\"wp-block-paragraph\">&nbsp; &nbsp; &nbsp; &nbsp; &nbsp; &nbsp; &nbsp; &nbsp; &nbsp; &nbsp; &nbsp; &nbsp; &nbsp; &nbsp; &nbsp; &nbsp; &nbsp; &nbsp; &nbsp; &nbsp; &nbsp; &nbsp; Les recordamos que ma\u00f1ana <strong>mi\u00e9rcoles 12, 15:00 hrs.<\/strong> volveremos a reunirnos via Zoom con la Prof\u00aa. Solange Jouinsse en una nueva charla para el Taller de Encuentros con el Arte. Aquellos que est\u00e9n interesados en sumarse a \u00e9stas reuniones y a\u00fan no hayan participado deber\u00e1n&nbsp; inscribirse a trav\u00e9s de los diferentes medios de contacto para poder hacerles llegar el link correspondiente.<\/p>\n\n\n\n<p class=\"has-luminous-vivid-orange-color has-text-color wp-block-paragraph\"><em><strong>Charla 12:&nbsp;mi\u00e9rcoles&nbsp;12 de octubre<\/strong><\/em><\/p>\n\n\n\n<p class=\"wp-block-paragraph\"><em><strong>Pop Americano:<\/strong> Roy Lichtenstein, James Rosenquist, Jim Dine, Robert Indiana, Tom Wesselmann y Claes Oldenburg. <\/em><br><em><strong>El nuevo Realismo: <\/strong>Yves Klein, Arman, Cesar<\/em><\/p>\n\n\n\n<div class=\"wp-block-group\"><div class=\"wp-block-group__inner-container is-layout-flow wp-block-group-is-layout-flow\">\n<div style=\"height:100px\" aria-hidden=\"true\" class=\"wp-block-spacer\"><\/div>\n\n\n\n<hr class=\"wp-block-separator has-alpha-channel-opacity\"\/>\n\n\n\n<p class=\"wp-block-paragraph\"><strong>Para m\u00e1s informaci\u00f3n:<\/strong><br><a href=\"mailto:mutualdelcirculo@gmail.com\">mutualdelcirculo@gmail.com<br>info@mutualdelcirculodeministros.org.ar<\/a><\/p>\n\n\n\n<p class=\"wp-block-paragraph\">Tel\u00e9fonos: (011) 7078-1291<br>Whatsapp: 11-5097-6085<\/p>\n<\/div><\/div>\n","protected":false},"excerpt":{"rendered":"<p>Hablaremos sobre: Pop Americano: Roy Lichtenstein, James Rosenquist, Jim Dine, Robert Indiana, Tom Wesselmann y Claes Oldenburg.<br \/>\nEl nuevo Realismo: Yves Klein, Arman, Cesar<\/p>\n","protected":false},"author":1,"featured_media":426,"comment_status":"closed","ping_status":"closed","sticky":false,"template":"","format":"standard","meta":{"footnotes":""},"categories":[3,56],"tags":[25,35,42,43,47],"class_list":["post-423","post","type-post","status-publish","format-standard","has-post-thumbnail","hentry","category-actividades","category-talleres","tag-jouinsse","tag-online","tag-solange-jouinsse","tag-taller","tag-virtual"],"_links":{"self":[{"href":"https:\/\/mutualdelcirculodeministros.org.ar\/actividades\/wp-json\/wp\/v2\/posts\/423","targetHints":{"allow":["GET"]}}],"collection":[{"href":"https:\/\/mutualdelcirculodeministros.org.ar\/actividades\/wp-json\/wp\/v2\/posts"}],"about":[{"href":"https:\/\/mutualdelcirculodeministros.org.ar\/actividades\/wp-json\/wp\/v2\/types\/post"}],"author":[{"embeddable":true,"href":"https:\/\/mutualdelcirculodeministros.org.ar\/actividades\/wp-json\/wp\/v2\/users\/1"}],"replies":[{"embeddable":true,"href":"https:\/\/mutualdelcirculodeministros.org.ar\/actividades\/wp-json\/wp\/v2\/comments?post=423"}],"version-history":[{"count":0,"href":"https:\/\/mutualdelcirculodeministros.org.ar\/actividades\/wp-json\/wp\/v2\/posts\/423\/revisions"}],"wp:featuredmedia":[{"embeddable":true,"href":"https:\/\/mutualdelcirculodeministros.org.ar\/actividades\/wp-json\/wp\/v2\/media\/426"}],"wp:attachment":[{"href":"https:\/\/mutualdelcirculodeministros.org.ar\/actividades\/wp-json\/wp\/v2\/media?parent=423"}],"wp:term":[{"taxonomy":"category","embeddable":true,"href":"https:\/\/mutualdelcirculodeministros.org.ar\/actividades\/wp-json\/wp\/v2\/categories?post=423"},{"taxonomy":"post_tag","embeddable":true,"href":"https:\/\/mutualdelcirculodeministros.org.ar\/actividades\/wp-json\/wp\/v2\/tags?post=423"}],"curies":[{"name":"wp","href":"https:\/\/api.w.org\/{rel}","templated":true}]}}