{"id":45,"date":"2022-04-27T16:05:53","date_gmt":"2022-04-27T16:05:53","guid":{"rendered":"https:\/\/mutualdelcirculodeministros.ar\/actividades\/?p=45"},"modified":"2022-04-27T16:05:53","modified_gmt":"2022-04-27T16:05:53","slug":"taller-de-la-memoria","status":"publish","type":"post","link":"https:\/\/mutualdelcirculodeministros.org.ar\/actividades\/taller-de-la-memoria\/","title":{"rendered":"TALLER DE LA MEMORIA"},"content":{"rendered":"\n<h3 class=\"has-luminous-vivid-orange-color has-text-color wp-block-heading\">Con la Profesora Mariana Karmann<\/h3>\n\n\n\n<p class=\"wp-block-paragraph\">Para este a\u00f1o se plantea seguir desarrollando las actividades grupales de entrenamiento cognitivo, para contribuir en la pr\u00e1ctica de herramientas que ayudar\u00e1n a contrarrestar la p\u00e9rdida de memoria benigna.<\/p>\n\n\n\n<p class=\"has-blue-color has-text-color wp-block-paragraph\"><strong>Frecuencia: <em>quincenal<\/em><\/strong><\/p>\n\n\n\n<p class=\"has-blue-color has-text-color wp-block-paragraph\"><strong>Modalidad: <em>online y presencial<\/em><\/strong><\/p>\n\n\n\n<hr class=\"wp-block-separator\"\/>\n\n\n\n<p class=\"wp-block-paragraph\">Editor: Mutual del C\u00edrculo de Ministros, Secretarios y Subsecretarios del PEN<\/p>\n\n\n\n<hr class=\"wp-block-separator\"\/>\n\n\n\n<div style=\"height:100px\" aria-hidden=\"true\" class=\"wp-block-spacer\"><\/div>\n\n\n\n<hr class=\"wp-block-separator\"\/>\n\n\n\n<p class=\"wp-block-paragraph\"><strong>Para m\u00e1s informaci\u00f3n:<\/strong><br><a href=\"mailto:mutualdelcirculo@gmail.com\">mutualdelcirculo@gmail.com<br>info@mutualdelcirculodeministros.org.ar<\/a><\/p>\n\n\n\n<p class=\"wp-block-paragraph\">Tel\u00e9fonos: (011) 7078-1291<br>Whatsapp: 11-5097-6085<\/p>\n","protected":false},"excerpt":{"rendered":"<p>Con la Profesora Mariana Karmann Para este a\u00f1o se plantea seguir desarrollando las actividades grupales de entrenamiento cognitivo, para contribuir en la pr\u00e1ctica de herramientas que ayudar\u00e1n a contrarrestar la p\u00e9rdida de memoria benigna. Frecuencia: quincenal Modalidad: online y presencial Editor: Mutual del C\u00edrculo de Ministros, Secretarios y Subsecretarios del PEN Para m\u00e1s informaci\u00f3n:mutualdelcirculo@gmail.cominfo@mutualdelcirculodeministros.org.ar Tel\u00e9fonos: &hellip; <\/p>\n","protected":false},"author":1,"featured_media":197,"comment_status":"closed","ping_status":"closed","sticky":true,"template":"","format":"standard","meta":{"footnotes":""},"categories":[3,56],"tags":[15,19,20,26,27,28,29,35,38,39,43],"class_list":["post-45","post","type-post","status-publish","format-standard","has-post-thumbnail","hentry","category-actividades","category-talleres","tag-congnitivo","tag-entrenamiento","tag-entrenamiento-cognitivo","tag-karmann","tag-mariana","tag-mariana-karmann","tag-memoria","tag-online","tag-presencial","tag-quincenal","tag-taller"],"_links":{"self":[{"href":"https:\/\/mutualdelcirculodeministros.org.ar\/actividades\/wp-json\/wp\/v2\/posts\/45","targetHints":{"allow":["GET"]}}],"collection":[{"href":"https:\/\/mutualdelcirculodeministros.org.ar\/actividades\/wp-json\/wp\/v2\/posts"}],"about":[{"href":"https:\/\/mutualdelcirculodeministros.org.ar\/actividades\/wp-json\/wp\/v2\/types\/post"}],"author":[{"embeddable":true,"href":"https:\/\/mutualdelcirculodeministros.org.ar\/actividades\/wp-json\/wp\/v2\/users\/1"}],"replies":[{"embeddable":true,"href":"https:\/\/mutualdelcirculodeministros.org.ar\/actividades\/wp-json\/wp\/v2\/comments?post=45"}],"version-history":[{"count":0,"href":"https:\/\/mutualdelcirculodeministros.org.ar\/actividades\/wp-json\/wp\/v2\/posts\/45\/revisions"}],"wp:featuredmedia":[{"embeddable":true,"href":"https:\/\/mutualdelcirculodeministros.org.ar\/actividades\/wp-json\/wp\/v2\/media\/197"}],"wp:attachment":[{"href":"https:\/\/mutualdelcirculodeministros.org.ar\/actividades\/wp-json\/wp\/v2\/media?parent=45"}],"wp:term":[{"taxonomy":"category","embeddable":true,"href":"https:\/\/mutualdelcirculodeministros.org.ar\/actividades\/wp-json\/wp\/v2\/categories?post=45"},{"taxonomy":"post_tag","embeddable":true,"href":"https:\/\/mutualdelcirculodeministros.org.ar\/actividades\/wp-json\/wp\/v2\/tags?post=45"}],"curies":[{"name":"wp","href":"https:\/\/api.w.org\/{rel}","templated":true}]}}