{"id":455,"date":"2022-10-27T13:52:40","date_gmt":"2022-10-27T16:52:40","guid":{"rendered":"https:\/\/mutualdelcirculodeministros.ar\/actividades\/?p=455"},"modified":"2022-10-27T13:52:40","modified_gmt":"2022-10-27T16:52:40","slug":"2710-taller-encuentro-de-analisis-literario","status":"publish","type":"post","link":"https:\/\/mutualdelcirculodeministros.org.ar\/actividades\/2710-taller-encuentro-de-analisis-literario\/","title":{"rendered":"27|10 TALLER &#8220;ENCUENTRO DE AN\u00c1LISIS LITERARIO&#8221;"},"content":{"rendered":"\n<h1 class=\"wp-block-heading\">27|10 TALLER &#8220;ENCUENTRO DE AN\u00c1LISIS LITERARIO&#8221;<\/h1>\n\n\n\n<p class=\"wp-block-paragraph\">Estimados&nbsp; socios y amigos:<\/p>\n\n\n\n<p class=\"wp-block-paragraph\">&nbsp; &nbsp; &nbsp; &nbsp; &nbsp; &nbsp; &nbsp; &nbsp; &nbsp; &nbsp; &nbsp; &nbsp; &nbsp; &nbsp; &nbsp; &nbsp; &nbsp; &nbsp; &nbsp; &nbsp; &nbsp; &nbsp; &nbsp; Tenemos el agrado de invitarlos a &#8220;Una Tarde&#8230;un cuento&#8221;, nuestro primer Taller de an\u00e1lisis literario a cargo de la Prof.\u00aa Vivian Acu\u00f1a, Arq. y Lic. en Letras de la UBA , Dir.\u00aa del Sal\u00f3n de las Palabras. Ser\u00e1 un encuentro presencial y especial ya que&nbsp;despu\u00e9s mucho tiempo volveremos a abrir las puertas de la sala de reuniones de nuestra sede para volver a realizar una nueva actividad juntos.<\/p>\n\n\n\n<p class=\"has-luminous-vivid-orange-color has-text-color wp-block-paragraph\"><em><strong>LUGAR:<\/strong><\/em>\u00a0Alsina 943, 5\u00b0piso Of. 507.CABA<br><em><strong>FECHA:<\/strong><\/em>\u00a0Jueves 27 de octubre<br><strong><em>HORA:<\/em>\u00a0 <\/strong>15:00 hrs.<\/p>\n\n\n\n<p class=\"wp-block-paragraph\">-La actividad es sin cargo\u00a0para socios de Osmiss y de la Mutual. Invitados: $500<br>-Cupos limitados<br>-Inscripciones abiertas hasta el lunes 24 inclusive.<\/p>\n\n\n\n<p class=\"wp-block-paragraph\">\u00a1Los esperamos con una rica merienda!<\/p>\n\n\n\n<figure class=\"wp-block-image size-large\"><a href=\"https:\/\/mutualdelcirculodeministros.org.ar\/actividades\/wp-content\/uploads\/2022\/10\/image-1.png\"><img loading=\"lazy\" decoding=\"async\" width=\"724\" height=\"1024\" src=\"https:\/\/mutualdelcirculodeministros.org.ar\/actividades\/wp-content\/uploads\/2022\/10\/image-1-724x1024.png\" alt=\"\" class=\"wp-image-457\" srcset=\"https:\/\/mutualdelcirculodeministros.org.ar\/actividades\/wp-content\/uploads\/2022\/10\/image-1-724x1024.png 724w, https:\/\/mutualdelcirculodeministros.org.ar\/actividades\/wp-content\/uploads\/2022\/10\/image-1-212x300.png 212w, https:\/\/mutualdelcirculodeministros.org.ar\/actividades\/wp-content\/uploads\/2022\/10\/image-1-768x1086.png 768w, https:\/\/mutualdelcirculodeministros.org.ar\/actividades\/wp-content\/uploads\/2022\/10\/image-1-1086x1536.png 1086w, https:\/\/mutualdelcirculodeministros.org.ar\/actividades\/wp-content\/uploads\/2022\/10\/image-1.png 1131w\" sizes=\"auto, (max-width: 724px) 100vw, 724px\" \/><\/a><\/figure>\n\n\n\n<div class=\"wp-block-group\"><div class=\"wp-block-group__inner-container is-layout-flow wp-block-group-is-layout-flow\">\n<div style=\"height:100px\" aria-hidden=\"true\" class=\"wp-block-spacer\"><\/div>\n\n\n\n<hr class=\"wp-block-separator has-alpha-channel-opacity\"\/>\n\n\n\n<p class=\"wp-block-paragraph\"><strong>Para m\u00e1s informaci\u00f3n:<\/strong><br><a href=\"mailto:mutualdelcirculo@gmail.com\">mutualdelcirculo@gmail.com<br>info@mutualdelcirculodeministros.org.ar<\/a><\/p>\n\n\n\n<p class=\"wp-block-paragraph\">Tel\u00e9fonos: (011) 7078-1291<br>Whatsapp: 11-5097-6085<\/p>\n<\/div><\/div>\n","protected":false},"excerpt":{"rendered":"<p>&#8220;Una Tarde&#8230;un cuento&#8221;, nuestro primer Taller de an\u00e1lisis literario. Un encuentro presencial y especial&#8230;<\/p>\n","protected":false},"author":1,"featured_media":456,"comment_status":"closed","ping_status":"closed","sticky":false,"template":"","format":"standard","meta":{"footnotes":""},"categories":[3,56],"tags":[73,38,43],"class_list":["post-455","post","type-post","status-publish","format-standard","has-post-thumbnail","hentry","category-actividades","category-talleres","tag-literario","tag-presencial","tag-taller"],"_links":{"self":[{"href":"https:\/\/mutualdelcirculodeministros.org.ar\/actividades\/wp-json\/wp\/v2\/posts\/455","targetHints":{"allow":["GET"]}}],"collection":[{"href":"https:\/\/mutualdelcirculodeministros.org.ar\/actividades\/wp-json\/wp\/v2\/posts"}],"about":[{"href":"https:\/\/mutualdelcirculodeministros.org.ar\/actividades\/wp-json\/wp\/v2\/types\/post"}],"author":[{"embeddable":true,"href":"https:\/\/mutualdelcirculodeministros.org.ar\/actividades\/wp-json\/wp\/v2\/users\/1"}],"replies":[{"embeddable":true,"href":"https:\/\/mutualdelcirculodeministros.org.ar\/actividades\/wp-json\/wp\/v2\/comments?post=455"}],"version-history":[{"count":0,"href":"https:\/\/mutualdelcirculodeministros.org.ar\/actividades\/wp-json\/wp\/v2\/posts\/455\/revisions"}],"wp:featuredmedia":[{"embeddable":true,"href":"https:\/\/mutualdelcirculodeministros.org.ar\/actividades\/wp-json\/wp\/v2\/media\/456"}],"wp:attachment":[{"href":"https:\/\/mutualdelcirculodeministros.org.ar\/actividades\/wp-json\/wp\/v2\/media?parent=455"}],"wp:term":[{"taxonomy":"category","embeddable":true,"href":"https:\/\/mutualdelcirculodeministros.org.ar\/actividades\/wp-json\/wp\/v2\/categories?post=455"},{"taxonomy":"post_tag","embeddable":true,"href":"https:\/\/mutualdelcirculodeministros.org.ar\/actividades\/wp-json\/wp\/v2\/tags?post=455"}],"curies":[{"name":"wp","href":"https:\/\/api.w.org\/{rel}","templated":true}]}}