{"id":467,"date":"2022-11-01T12:05:29","date_gmt":"2022-11-01T15:05:29","guid":{"rendered":"https:\/\/mutualdelcirculodeministros.ar\/actividades\/?p=467"},"modified":"2022-11-01T12:05:29","modified_gmt":"2022-11-01T15:05:29","slug":"0111-taller-de-estimulacion-cognitiva-virtual","status":"publish","type":"post","link":"https:\/\/mutualdelcirculodeministros.org.ar\/actividades\/0111-taller-de-estimulacion-cognitiva-virtual\/","title":{"rendered":"01|11 Taller de Estimulaci\u00f3n Cognitiva. Virtual"},"content":{"rendered":"\n<h1 class=\"wp-block-heading\">01|11 Taller de Estimulaci\u00f3n Cognitiva. Virtual<\/h1>\n\n\n\n<p class=\"wp-block-paragraph\">Estimados socios y amigos:<\/p>\n\n\n\n<p class=\"wp-block-paragraph\">\u00a0 \u00a0 \u00a0 \u00a0 \u00a0 \u00a0 \u00a0 \u00a0 \u00a0 \u00a0 \u00a0 \u00a0 \u00a0 \u00a0 \u00a0 \u00a0 \u00a0 \u00a0 \u00a0 \u00a0 \u00a0 \u00a0 Les recordamos que ma\u00f1ana <strong>martes <\/strong>nos reuniremos a las <strong>15:30hs <\/strong>en el <strong>Taller de Estimulaci\u00f3n cognitiva<\/strong> a trav\u00e9s de la aplicaci\u00f3n <strong>Zoom<\/strong>.\u00a0 Quienes est\u00e9n interesados en participar por primera vez deber\u00e1n enviarnos\u00a0su inter\u00e9s a trav\u00e9s de las diferentes alternativas de contacto para poder hacerles llegar el link correspondiente.<\/p>\n\n\n\n<p class=\"wp-block-paragraph\">Saludos Cordiales.<\/p>\n\n\n\n<div class=\"wp-block-group\"><div class=\"wp-block-group__inner-container is-layout-flow wp-block-group-is-layout-flow\">\n<div style=\"height:100px\" aria-hidden=\"true\" class=\"wp-block-spacer\"><\/div>\n\n\n\n<hr class=\"wp-block-separator has-alpha-channel-opacity\"\/>\n\n\n\n<p class=\"wp-block-paragraph\"><strong>Para m\u00e1s informaci\u00f3n:<\/strong><br><a href=\"mailto:mutualdelcirculo@gmail.com\">mutualdelcirculo@gmail.com<br>info@mutualdelcirculodeministros.org.ar<\/a><\/p>\n\n\n\n<p class=\"wp-block-paragraph\">Tel\u00e9fonos: (011) 7078-1291<br>Whatsapp: 11-5097-6085<\/p>\n<\/div><\/div>\n","protected":false},"excerpt":{"rendered":"<p>Taller de Estimulaci\u00f3n cognitiva a trav\u00e9s de la aplicaci\u00f3n Zoom.<\/p>\n","protected":false},"author":1,"featured_media":197,"comment_status":"closed","ping_status":"closed","sticky":false,"template":"","format":"standard","meta":{"footnotes":""},"categories":[3,56],"tags":[23,35,43,47],"class_list":["post-467","post","type-post","status-publish","format-standard","has-post-thumbnail","hentry","category-actividades","category-talleres","tag-estimulacion-cognitiva","tag-online","tag-taller","tag-virtual"],"_links":{"self":[{"href":"https:\/\/mutualdelcirculodeministros.org.ar\/actividades\/wp-json\/wp\/v2\/posts\/467","targetHints":{"allow":["GET"]}}],"collection":[{"href":"https:\/\/mutualdelcirculodeministros.org.ar\/actividades\/wp-json\/wp\/v2\/posts"}],"about":[{"href":"https:\/\/mutualdelcirculodeministros.org.ar\/actividades\/wp-json\/wp\/v2\/types\/post"}],"author":[{"embeddable":true,"href":"https:\/\/mutualdelcirculodeministros.org.ar\/actividades\/wp-json\/wp\/v2\/users\/1"}],"replies":[{"embeddable":true,"href":"https:\/\/mutualdelcirculodeministros.org.ar\/actividades\/wp-json\/wp\/v2\/comments?post=467"}],"version-history":[{"count":0,"href":"https:\/\/mutualdelcirculodeministros.org.ar\/actividades\/wp-json\/wp\/v2\/posts\/467\/revisions"}],"wp:featuredmedia":[{"embeddable":true,"href":"https:\/\/mutualdelcirculodeministros.org.ar\/actividades\/wp-json\/wp\/v2\/media\/197"}],"wp:attachment":[{"href":"https:\/\/mutualdelcirculodeministros.org.ar\/actividades\/wp-json\/wp\/v2\/media?parent=467"}],"wp:term":[{"taxonomy":"category","embeddable":true,"href":"https:\/\/mutualdelcirculodeministros.org.ar\/actividades\/wp-json\/wp\/v2\/categories?post=467"},{"taxonomy":"post_tag","embeddable":true,"href":"https:\/\/mutualdelcirculodeministros.org.ar\/actividades\/wp-json\/wp\/v2\/tags?post=467"}],"curies":[{"name":"wp","href":"https:\/\/api.w.org\/{rel}","templated":true}]}}