{"id":471,"date":"2022-10-26T12:06:00","date_gmt":"2022-10-26T15:06:00","guid":{"rendered":"https:\/\/mutualdelcirculodeministros.ar\/actividades\/?p=471"},"modified":"2022-10-26T12:06:00","modified_gmt":"2022-10-26T15:06:00","slug":"2610-taller-de-encuentros-con-el-arte-charla-14","status":"publish","type":"post","link":"https:\/\/mutualdelcirculodeministros.org.ar\/actividades\/2610-taller-de-encuentros-con-el-arte-charla-14\/","title":{"rendered":"26|10 TALLER DE \u00abENCUENTROS CON EL ARTE\u00bb \u2013 CHARLA 14"},"content":{"rendered":"\n<h1 class=\"wp-block-heading\">26|10 TALLER DE \u00abENCUENTROS CON EL ARTE\u00bb \u2013 CHARLA 14<\/h1>\n\n\n\n<p class=\"wp-block-paragraph\">Estimados socios y amigos:<\/p>\n\n\n\n<p class=\"wp-block-paragraph\">&nbsp; &nbsp; &nbsp; &nbsp; &nbsp; &nbsp; &nbsp; &nbsp; &nbsp; &nbsp; &nbsp; &nbsp; &nbsp; &nbsp; &nbsp; &nbsp; &nbsp; &nbsp; &nbsp; &nbsp; &nbsp; &nbsp; Les recordamos que ma\u00f1ana mi\u00e9rcoles a las 15:00hrs. volveremos a reunirnos v\u00eda Zoom para participar de otro encuentro a cargo de la Prof\u00aa. Solange Jouinsse. Quienes deseen sumarse a la reuni\u00f3n y a\u00fan no&nbsp; hayan participado, podr\u00e1n hacerlo envi\u00e1ndonos su inter\u00e9s a trav\u00e9s de los distintos medios de contacto y le enviaremos el Link correspondiente..&nbsp;<\/p>\n\n\n\n<p class=\"has-luminous-vivid-orange-color has-text-color wp-block-paragraph\"><em><strong>Charla 14:\u00a0mi\u00e9rcoles\u00a026 de octubre<\/strong><\/em><\/p>\n\n\n\n<p class=\"wp-block-paragraph\"><strong>Monogr\u00e1fica sobre Andy Warhol.<\/strong><\/p>\n\n\n\n<div class=\"wp-block-group\"><div class=\"wp-block-group__inner-container is-layout-flow wp-block-group-is-layout-flow\">\n<div style=\"height:100px\" aria-hidden=\"true\" class=\"wp-block-spacer\"><\/div>\n\n\n\n<hr class=\"wp-block-separator has-alpha-channel-opacity\"\/>\n\n\n\n<p class=\"wp-block-paragraph\"><strong>Para m\u00e1s informaci\u00f3n:<\/strong><br><a href=\"mailto:mutualdelcirculo@gmail.com\">mutualdelcirculo@gmail.com<br>info@mutualdelcirculodeministros.org.ar<\/a><\/p>\n\n\n\n<p class=\"wp-block-paragraph\">Tel\u00e9fonos: (011) 7078-1291<br>Whatsapp: 11-5097-6085<\/p>\n<\/div><\/div>\n","protected":false},"excerpt":{"rendered":"<p>Volveremos a reunirnos v\u00eda Zoom para participar de otro encuentro a cargo de la Prof\u00aa. Solange Jouinsse. <\/p>\n","protected":false},"author":1,"featured_media":472,"comment_status":"closed","ping_status":"closed","sticky":false,"template":"","format":"standard","meta":{"footnotes":""},"categories":[3,56],"tags":[5,18,35,42,43,47],"class_list":["post-471","post","type-post","status-publish","format-standard","has-post-thumbnail","hentry","category-actividades","category-talleres","tag-arte","tag-encuentros-con-el-arte","tag-online","tag-solange-jouinsse","tag-taller","tag-virtual"],"_links":{"self":[{"href":"https:\/\/mutualdelcirculodeministros.org.ar\/actividades\/wp-json\/wp\/v2\/posts\/471","targetHints":{"allow":["GET"]}}],"collection":[{"href":"https:\/\/mutualdelcirculodeministros.org.ar\/actividades\/wp-json\/wp\/v2\/posts"}],"about":[{"href":"https:\/\/mutualdelcirculodeministros.org.ar\/actividades\/wp-json\/wp\/v2\/types\/post"}],"author":[{"embeddable":true,"href":"https:\/\/mutualdelcirculodeministros.org.ar\/actividades\/wp-json\/wp\/v2\/users\/1"}],"replies":[{"embeddable":true,"href":"https:\/\/mutualdelcirculodeministros.org.ar\/actividades\/wp-json\/wp\/v2\/comments?post=471"}],"version-history":[{"count":0,"href":"https:\/\/mutualdelcirculodeministros.org.ar\/actividades\/wp-json\/wp\/v2\/posts\/471\/revisions"}],"wp:featuredmedia":[{"embeddable":true,"href":"https:\/\/mutualdelcirculodeministros.org.ar\/actividades\/wp-json\/wp\/v2\/media\/472"}],"wp:attachment":[{"href":"https:\/\/mutualdelcirculodeministros.org.ar\/actividades\/wp-json\/wp\/v2\/media?parent=471"}],"wp:term":[{"taxonomy":"category","embeddable":true,"href":"https:\/\/mutualdelcirculodeministros.org.ar\/actividades\/wp-json\/wp\/v2\/categories?post=471"},{"taxonomy":"post_tag","embeddable":true,"href":"https:\/\/mutualdelcirculodeministros.org.ar\/actividades\/wp-json\/wp\/v2\/tags?post=471"}],"curies":[{"name":"wp","href":"https:\/\/api.w.org\/{rel}","templated":true}]}}