{"id":475,"date":"2022-11-09T14:39:40","date_gmt":"2022-11-09T17:39:40","guid":{"rendered":"https:\/\/mutualdelcirculodeministros.ar\/actividades\/?p=475"},"modified":"2022-11-09T14:39:40","modified_gmt":"2022-11-09T17:39:40","slug":"0911-taller-de-encuentros-con-el-arte-charla-15","status":"publish","type":"post","link":"https:\/\/mutualdelcirculodeministros.org.ar\/actividades\/0911-taller-de-encuentros-con-el-arte-charla-15\/","title":{"rendered":"09|11 TALLER DE \u00abENCUENTROS CON EL ARTE\u00bb \u2013 CHARLA 15"},"content":{"rendered":"\n<p class=\"wp-block-paragraph\">Estimados socios y amigos:<\/p>\n\n\n\n<p class=\"wp-block-paragraph\">&nbsp; &nbsp; &nbsp; &nbsp; &nbsp; &nbsp; &nbsp; &nbsp; &nbsp; &nbsp; &nbsp; &nbsp; &nbsp; &nbsp; &nbsp; &nbsp; &nbsp; &nbsp; &nbsp; &nbsp; &nbsp; &nbsp; Les recordamos que ma\u00f1ana mi\u00e9rcoles a las 15:00hrs. volveremos a reunirnos v\u00eda Zoom para participar de otro encuentro a cargo de la Prof\u00aa. Solange Jouinsse. Quienes deseen sumarse a la reuni\u00f3n y a\u00fan no hayan participado, podr\u00e1n hacerlo envi\u00e1ndonos su inter\u00e9s a trav\u00e9s de los distintos medios de contacto y les haremos llegar el Link correspondiente..&nbsp;<\/p>\n\n\n\n<p class=\"has-luminous-vivid-orange-color has-text-color wp-block-paragraph\"><em>Charla 15:&nbsp;<\/em><strong><em>mi\u00e9rcoles&nbsp;<\/em><em>9 de noviembre<\/em><\/strong><\/p>\n\n\n\n<p class=\"wp-block-paragraph\"><strong><em>Land art y la escultura en el campo expandido. Christo &amp; Jeanne Claude y Walter de Maria. <\/em><\/strong><\/p>\n\n\n\n<p class=\"wp-block-paragraph\"><strong><em>Arte Povera: Michelangelo Pistoletto y Janis Kounelis.&nbsp;<\/em><\/strong><\/p>\n\n\n\n<p class=\"wp-block-paragraph\"><strong><em>Coleccionismo: C\u00f3mo se forma el gusto e historia de los principales coleccionistas del arte moderno. La fundaci\u00f3n&nbsp;de los museos modernos y contempor\u00e1neos.<\/em><\/strong><\/p>\n\n\n\n<div style=\"height:100px\" aria-hidden=\"true\" class=\"wp-block-spacer\"><\/div>\n\n\n<div class=\"wp-block-image\">\n<figure class=\"aligncenter size-full is-resized\"><a href=\"https:\/\/mutualdelcirculodeministros.org.ar\/actividades\/wp-content\/uploads\/2022\/11\/image.png\"><img loading=\"lazy\" decoding=\"async\" src=\"https:\/\/mutualdelcirculodeministros.org.ar\/actividades\/wp-content\/uploads\/2022\/11\/image.png\" alt=\"monumento parisino\" class=\"wp-image-478\" width=\"560\" height=\"316\" srcset=\"https:\/\/mutualdelcirculodeministros.org.ar\/actividades\/wp-content\/uploads\/2022\/11\/image.png 800w, https:\/\/mutualdelcirculodeministros.org.ar\/actividades\/wp-content\/uploads\/2022\/11\/image-300x170.png 300w, https:\/\/mutualdelcirculodeministros.org.ar\/actividades\/wp-content\/uploads\/2022\/11\/image-768x434.png 768w\" sizes=\"auto, (max-width: 560px) 100vw, 560px\" \/><\/a><figcaption class=\"wp-element-caption\"><em>El emblem\u00e1tico monumento parisino ya luce &#8220;empaquetado&#8221; tal como lo imagin\u00f3 el artista b\u00falgaro, fallecido hace un a\u00f1o. El arco so\u00f1ado por Christo &amp; Jeanne-Claude se hace realidad<\/em><\/figcaption><\/figure>\n<\/div>\n\n\n<p class=\"wp-block-paragraph\"><\/p>\n\n\n\n<div class=\"wp-block-group\"><div class=\"wp-block-group__inner-container is-layout-flow wp-block-group-is-layout-flow\">\n<div style=\"height:100px\" aria-hidden=\"true\" class=\"wp-block-spacer\"><\/div>\n\n\n\n<hr class=\"wp-block-separator has-alpha-channel-opacity\"\/>\n\n\n\n<p class=\"wp-block-paragraph\"><strong>Para m\u00e1s informaci\u00f3n:<\/strong><br><a href=\"mailto:mutualdelcirculo@gmail.com\">mutualdelcirculo@gmail.com<br>info@mutualdelcirculodeministros.org.ar<\/a><\/p>\n\n\n\n<p class=\"wp-block-paragraph\">Tel\u00e9fonos: (011) 7078-1291<br>Whatsapp: 11-5097-6085<\/p>\n<\/div><\/div>\n","protected":false},"excerpt":{"rendered":"<p>Volveremos a reunirnos, hablaremoso sobre el gusto e historia de los principales coleccionistas del arte moderno. La fundaci\u00f3n\u00a0de los museos modernos, contempor\u00e1neos y mucho mas.<\/p>\n","protected":false},"author":1,"featured_media":478,"comment_status":"closed","ping_status":"closed","sticky":false,"template":"","format":"standard","meta":{"footnotes":""},"categories":[3,56],"tags":[35,42,43,47],"class_list":["post-475","post","type-post","status-publish","format-standard","has-post-thumbnail","hentry","category-actividades","category-talleres","tag-online","tag-solange-jouinsse","tag-taller","tag-virtual"],"_links":{"self":[{"href":"https:\/\/mutualdelcirculodeministros.org.ar\/actividades\/wp-json\/wp\/v2\/posts\/475","targetHints":{"allow":["GET"]}}],"collection":[{"href":"https:\/\/mutualdelcirculodeministros.org.ar\/actividades\/wp-json\/wp\/v2\/posts"}],"about":[{"href":"https:\/\/mutualdelcirculodeministros.org.ar\/actividades\/wp-json\/wp\/v2\/types\/post"}],"author":[{"embeddable":true,"href":"https:\/\/mutualdelcirculodeministros.org.ar\/actividades\/wp-json\/wp\/v2\/users\/1"}],"replies":[{"embeddable":true,"href":"https:\/\/mutualdelcirculodeministros.org.ar\/actividades\/wp-json\/wp\/v2\/comments?post=475"}],"version-history":[{"count":0,"href":"https:\/\/mutualdelcirculodeministros.org.ar\/actividades\/wp-json\/wp\/v2\/posts\/475\/revisions"}],"wp:featuredmedia":[{"embeddable":true,"href":"https:\/\/mutualdelcirculodeministros.org.ar\/actividades\/wp-json\/wp\/v2\/media\/478"}],"wp:attachment":[{"href":"https:\/\/mutualdelcirculodeministros.org.ar\/actividades\/wp-json\/wp\/v2\/media?parent=475"}],"wp:term":[{"taxonomy":"category","embeddable":true,"href":"https:\/\/mutualdelcirculodeministros.org.ar\/actividades\/wp-json\/wp\/v2\/categories?post=475"},{"taxonomy":"post_tag","embeddable":true,"href":"https:\/\/mutualdelcirculodeministros.org.ar\/actividades\/wp-json\/wp\/v2\/tags?post=475"}],"curies":[{"name":"wp","href":"https:\/\/api.w.org\/{rel}","templated":true}]}}