{"id":480,"date":"2022-11-07T14:44:50","date_gmt":"2022-11-07T17:44:50","guid":{"rendered":"https:\/\/mutualdelcirculodeministros.ar\/actividades\/?p=480"},"modified":"2022-11-07T14:44:50","modified_gmt":"2022-11-07T17:44:50","slug":"0711-visita-guiada-al-malba-tercer-ojo","status":"publish","type":"post","link":"https:\/\/mutualdelcirculodeministros.org.ar\/actividades\/0711-visita-guiada-al-malba-tercer-ojo\/","title":{"rendered":"07|11 VISITA GUIADA AL MALBA &#8220;TERCER OJO&#8221;"},"content":{"rendered":"\n<h1 class=\"wp-block-heading\">07|11 VISITA GUIADA AL MALBA &#8220;TERCER OJO&#8221;<\/h1>\n\n\n\n<p class=\"wp-block-paragraph\">Estimados socios y amigos:<\/p>\n\n\n\n<p class=\"wp-block-paragraph\">&nbsp; &nbsp; &nbsp; &nbsp; &nbsp; &nbsp; &nbsp; &nbsp; &nbsp; &nbsp; &nbsp; &nbsp; &nbsp; &nbsp; &nbsp; &nbsp; &nbsp; &nbsp; &nbsp; &nbsp; &nbsp; &nbsp; &nbsp;Tenemos el agrado de invitarlos a una visita guiada y privada a la&nbsp;Fundaci\u00f3n MALBA. El lunes&nbsp;7 de noviembre 15:00 hrs. los esperamos para disfrutar juntos de la imperdible muestra &#8220;TERCER OJO&#8221;. La nueva exposici\u00f3n&nbsp; re\u00fane m\u00e1s de 220 obras ic\u00f3nicas del arte latinoamericano, incluidas la peque\u00f1a pintura de Frida Kahlo, &#8220;Diego y yo&#8221;, la m\u00e1s cara del arte de la regi\u00f3n. \u00c9sta obra que exhibe junto a &#8220;Autorretrato con chango y loro (1942) de la Colecci\u00f3n Malba y a un importante conjunto documental que incluye fotograf\u00edas, cartas y objetos personales de Frida Kahlo junto a&nbsp; nombres como Diego Rivera, Tarsila do Amaral, Xul Solar, Joaqu\u00edn Torres Garc\u00eda, Emilio Pettoruti, Maria Martins, Remedios Varo, Antonio Berni y Jorge de la Vega, entre otros.La hora de encuentro es 14.45 hs en el Hall del Malba. La visita comienza puntualmente a las 15 hs.&nbsp;Es muy importante confirmar asistencia hasta el viernes 4 de noviembre inclusive!!! Cupos limitados.<\/p>\n\n\n\n<p class=\"wp-block-paragraph\">\u00a1Los esperamos!<\/p>\n\n\n\n<figure class=\"wp-block-image size-large\"><a href=\"https:\/\/mutualdelcirculodeministros.org.ar\/actividades\/wp-content\/uploads\/2022\/11\/202211-07-malba-copia.png\"><img loading=\"lazy\" decoding=\"async\" width=\"1024\" height=\"1024\" src=\"https:\/\/mutualdelcirculodeministros.org.ar\/actividades\/wp-content\/uploads\/2022\/11\/202211-07-malba-copia-1024x1024.png\" alt=\"Imagen muestra Malba &quot;Palabras Mayores - Malba&quot;\" class=\"wp-image-481\" srcset=\"https:\/\/mutualdelcirculodeministros.org.ar\/actividades\/wp-content\/uploads\/2022\/11\/202211-07-malba-copia-1024x1024.png 1024w, https:\/\/mutualdelcirculodeministros.org.ar\/actividades\/wp-content\/uploads\/2022\/11\/202211-07-malba-copia-300x300.png 300w, https:\/\/mutualdelcirculodeministros.org.ar\/actividades\/wp-content\/uploads\/2022\/11\/202211-07-malba-copia-150x150.png 150w, https:\/\/mutualdelcirculodeministros.org.ar\/actividades\/wp-content\/uploads\/2022\/11\/202211-07-malba-copia-768x768.png 768w, https:\/\/mutualdelcirculodeministros.org.ar\/actividades\/wp-content\/uploads\/2022\/11\/202211-07-malba-copia.png 1080w\" sizes=\"auto, (max-width: 1024px) 100vw, 1024px\" \/><\/a><figcaption class=\"wp-element-caption\">Imagen muestra Malba &#8220;Palabras Mayores &#8211; Malba&#8221;<\/figcaption><\/figure>\n\n\n\n<figure class=\"wp-block-video\"><video height=\"1280\" style=\"aspect-ratio: 720 \/ 1280;\" width=\"720\" controls src=\"https:\/\/mutualdelcirculodeministros.org.ar\/actividades\/wp-content\/uploads\/2022\/11\/Video-de-WhatsApp-2022-11-08-a-las-12.57.15.mp4\"><\/video><\/figure>\n\n\n\n<div class=\"wp-block-group\"><div class=\"wp-block-group__inner-container is-layout-flow wp-block-group-is-layout-flow\">\n<div style=\"height:100px\" aria-hidden=\"true\" class=\"wp-block-spacer\"><\/div>\n\n\n\n<hr class=\"wp-block-separator has-alpha-channel-opacity\"\/>\n\n\n\n<p class=\"wp-block-paragraph\"><strong>Para m\u00e1s informaci\u00f3n:<\/strong><br><a href=\"mailto:mutualdelcirculo@gmail.com\">mutualdelcirculo@gmail.com<br>info@mutualdelcirculodeministros.org.ar<\/a><\/p>\n\n\n\n<p class=\"wp-block-paragraph\">Tel\u00e9fonos: (011) 7078-1291<br>Whatsapp: 11-5097-6085<\/p>\n<\/div><\/div>\n","protected":false},"excerpt":{"rendered":"<p>Los esperamos para disfrutar juntos de la imperdible muestra &#8220;TERCER OJO&#8221; en el Malba<\/p>\n","protected":false},"author":1,"featured_media":482,"comment_status":"closed","ping_status":"closed","sticky":false,"template":"","format":"standard","meta":{"footnotes":""},"categories":[3,57],"tags":[49],"class_list":["post-480","post","type-post","status-publish","format-standard","has-post-thumbnail","hentry","category-actividades","category-visitas-guiadas","tag-visita-guiada"],"_links":{"self":[{"href":"https:\/\/mutualdelcirculodeministros.org.ar\/actividades\/wp-json\/wp\/v2\/posts\/480","targetHints":{"allow":["GET"]}}],"collection":[{"href":"https:\/\/mutualdelcirculodeministros.org.ar\/actividades\/wp-json\/wp\/v2\/posts"}],"about":[{"href":"https:\/\/mutualdelcirculodeministros.org.ar\/actividades\/wp-json\/wp\/v2\/types\/post"}],"author":[{"embeddable":true,"href":"https:\/\/mutualdelcirculodeministros.org.ar\/actividades\/wp-json\/wp\/v2\/users\/1"}],"replies":[{"embeddable":true,"href":"https:\/\/mutualdelcirculodeministros.org.ar\/actividades\/wp-json\/wp\/v2\/comments?post=480"}],"version-history":[{"count":0,"href":"https:\/\/mutualdelcirculodeministros.org.ar\/actividades\/wp-json\/wp\/v2\/posts\/480\/revisions"}],"wp:featuredmedia":[{"embeddable":true,"href":"https:\/\/mutualdelcirculodeministros.org.ar\/actividades\/wp-json\/wp\/v2\/media\/482"}],"wp:attachment":[{"href":"https:\/\/mutualdelcirculodeministros.org.ar\/actividades\/wp-json\/wp\/v2\/media?parent=480"}],"wp:term":[{"taxonomy":"category","embeddable":true,"href":"https:\/\/mutualdelcirculodeministros.org.ar\/actividades\/wp-json\/wp\/v2\/categories?post=480"},{"taxonomy":"post_tag","embeddable":true,"href":"https:\/\/mutualdelcirculodeministros.org.ar\/actividades\/wp-json\/wp\/v2\/tags?post=480"}],"curies":[{"name":"wp","href":"https:\/\/api.w.org\/{rel}","templated":true}]}}