{"id":496,"date":"2022-11-23T16:42:22","date_gmt":"2022-11-23T19:42:22","guid":{"rendered":"https:\/\/mutualdelcirculodeministros.ar\/actividades\/?p=496"},"modified":"2022-11-23T16:42:22","modified_gmt":"2022-11-23T19:42:22","slug":"2311-ultima-charla-taller-encuentros-con-el-arte","status":"publish","type":"post","link":"https:\/\/mutualdelcirculodeministros.org.ar\/actividades\/2311-ultima-charla-taller-encuentros-con-el-arte\/","title":{"rendered":"23|11 \u00daLTIMA CHARLA &#8220;TALLER ENCUENTROS CON EL ARTE&#8221; \u2013 CHARLA 16"},"content":{"rendered":"\n<p class=\"wp-block-paragraph\">Estimados Socios y amigos:<\/p>\n\n\n\n<p class=\"wp-block-paragraph\">\u00a0 \u00a0 \u00a0 \u00a0 \u00a0 \u00a0 \u00a0 \u00a0 \u00a0 \u00a0 \u00a0 \u00a0 \u00a0 \u00a0 \u00a0 \u00a0 \u00a0 \u00a0 \u00a0 \u00a0 \u00a0 \u00a0 \u00a0Les recordamos que hoy\u00a0<strong>mi\u00e9rcoles<\/strong>\u00a023 de noviembre\u00a0 a las 15:00 hrs. nos reuniremos via Zoom con la Prof\u00aa. Solange Jouinsse en una nueva y \u00faltima charla del a\u00f1o para el Taller de Encuentros con el Arte. Aquellos que est\u00e9n interesados en sumarse a \u00e9sta reuni\u00f3n y a\u00fan no hayan participado, deber\u00e1n\u00a0 inscribirse a trav\u00e9s de los diferentes medios de contacto para poder hacerles llegar el link correspondiente.<\/p>\n\n\n\n<p class=\"wp-block-paragraph\"><\/p>\n\n\n\n<p class=\"has-luminous-vivid-orange-color has-text-color wp-block-paragraph\"><em>Charla 16:&nbsp;<\/em><strong><em>mi\u00e9rcoles 23<\/em><em>&nbsp;de noviembre<\/em><\/strong><\/p>\n\n\n\n<p class=\"wp-block-paragraph\"><em><strong>Los alemanes: Kiefer, Baselitz y Richter. <\/strong><\/em><\/p>\n\n\n\n<p class=\"wp-block-paragraph\"><em><strong>Los nuevos artistas brit\u00e1nicos y los rockstars del arte: Damien Hirst, Tracy Emin y Sarah Lucas. El Turner Prize. <\/strong><\/em><\/p>\n\n\n\n<p class=\"wp-block-paragraph\"><em><strong>La irrupci\u00f3n del arte de militancia: arte de Acci\u00f3n, queer y feminismos. La&nbsp;bienal del Whitney del 93.&nbsp;<\/strong><\/em><\/p>\n\n\n\n<p class=\"wp-block-paragraph\"><em><strong>Los artistas celebrities: Jeff Koons, Murakami, Mauricio Catelan y siguen las firmas<\/strong><\/em><\/p>\n\n\n\n<div class=\"wp-block-group\"><div class=\"wp-block-group__inner-container is-layout-flow wp-block-group-is-layout-flow\">\n<div style=\"height:100px\" aria-hidden=\"true\" class=\"wp-block-spacer\"><\/div>\n\n\n\n<hr class=\"wp-block-separator has-alpha-channel-opacity\"\/>\n\n\n\n<p class=\"wp-block-paragraph\"><strong>Para m\u00e1s informaci\u00f3n:<\/strong><br><a href=\"mailto:mutualdelcirculo@gmail.com\">mutualdelcirculo@gmail.com<br>info@mutualdelcirculodeministros.org.ar<\/a><\/p>\n\n\n\n<p class=\"wp-block-paragraph\">Tel\u00e9fonos: (011) 7078-1291<br>Whatsapp: 11-5097-6085<\/p>\n<\/div><\/div>\n\n\n\n<p class=\"wp-block-paragraph\"><\/p>\n","protected":false},"excerpt":{"rendered":"<p>Estimados Socios y amigos: \u00a0 \u00a0 \u00a0 \u00a0 \u00a0 \u00a0 \u00a0 \u00a0 \u00a0 \u00a0 \u00a0 \u00a0 \u00a0 \u00a0 \u00a0 \u00a0 \u00a0 \u00a0 \u00a0 \u00a0 \u00a0 \u00a0 \u00a0Les recordamos que hoy\u00a0mi\u00e9rcoles\u00a023 de noviembre\u00a0 a las 15:00 hrs. nos reuniremos via Zoom con la Prof\u00aa. Solange Jouinsse en una nueva y \u00faltima charla del a\u00f1o para el &hellip; <\/p>\n","protected":false},"author":1,"featured_media":497,"comment_status":"closed","ping_status":"closed","sticky":false,"template":"","format":"standard","meta":{"footnotes":""},"categories":[3,56],"tags":[35,42,43,47],"class_list":["post-496","post","type-post","status-publish","format-standard","has-post-thumbnail","hentry","category-actividades","category-talleres","tag-online","tag-solange-jouinsse","tag-taller","tag-virtual"],"_links":{"self":[{"href":"https:\/\/mutualdelcirculodeministros.org.ar\/actividades\/wp-json\/wp\/v2\/posts\/496","targetHints":{"allow":["GET"]}}],"collection":[{"href":"https:\/\/mutualdelcirculodeministros.org.ar\/actividades\/wp-json\/wp\/v2\/posts"}],"about":[{"href":"https:\/\/mutualdelcirculodeministros.org.ar\/actividades\/wp-json\/wp\/v2\/types\/post"}],"author":[{"embeddable":true,"href":"https:\/\/mutualdelcirculodeministros.org.ar\/actividades\/wp-json\/wp\/v2\/users\/1"}],"replies":[{"embeddable":true,"href":"https:\/\/mutualdelcirculodeministros.org.ar\/actividades\/wp-json\/wp\/v2\/comments?post=496"}],"version-history":[{"count":0,"href":"https:\/\/mutualdelcirculodeministros.org.ar\/actividades\/wp-json\/wp\/v2\/posts\/496\/revisions"}],"wp:featuredmedia":[{"embeddable":true,"href":"https:\/\/mutualdelcirculodeministros.org.ar\/actividades\/wp-json\/wp\/v2\/media\/497"}],"wp:attachment":[{"href":"https:\/\/mutualdelcirculodeministros.org.ar\/actividades\/wp-json\/wp\/v2\/media?parent=496"}],"wp:term":[{"taxonomy":"category","embeddable":true,"href":"https:\/\/mutualdelcirculodeministros.org.ar\/actividades\/wp-json\/wp\/v2\/categories?post=496"},{"taxonomy":"post_tag","embeddable":true,"href":"https:\/\/mutualdelcirculodeministros.org.ar\/actividades\/wp-json\/wp\/v2\/tags?post=496"}],"curies":[{"name":"wp","href":"https:\/\/api.w.org\/{rel}","templated":true}]}}