{"id":508,"date":"2023-03-02T16:12:37","date_gmt":"2023-03-02T19:12:37","guid":{"rendered":"https:\/\/mutualdelcirculodeministros.ar\/actividades\/?p=508"},"modified":"2023-03-02T16:12:37","modified_gmt":"2023-03-02T19:12:37","slug":"0903-te-literario","status":"publish","type":"post","link":"https:\/\/mutualdelcirculodeministros.org.ar\/actividades\/0903-te-literario\/","title":{"rendered":"09|03 T\u00c9 LITERARIO (1\u00b0 ACTIVIDAD DEL 2023) \u00a1\u00a1No se lo pierdan!!"},"content":{"rendered":"\n<h1 class=\"wp-block-heading\">09|03 T\u00c9 LITERARIO<\/h1>\n\n\n\n<p class=\"has-black-color has-text-color wp-block-paragraph\">Estimados socios y amigos:<\/p>\n\n\n\n<p class=\"has-black-color has-text-color wp-block-paragraph\">&nbsp; &nbsp; &nbsp; &nbsp; &nbsp; &nbsp; &nbsp; &nbsp; &nbsp; &nbsp; &nbsp; &nbsp; &nbsp; &nbsp; &nbsp; &nbsp; &nbsp; &nbsp; &nbsp; &nbsp; &nbsp; &nbsp; Luego del habitual receso&nbsp;de verano queremos darles la bienvenida con muchas buenas y nuevas propuestas pensadas para ustedes y que pronto les haremos llegar.<\/p>\n\n\n\n<p class=\"has-black-color has-text-color wp-block-paragraph\">Ser\u00e1 un a\u00f1os lleno de actividades (algunas virtuales y otras presenciales), paseos culturales, salidas con visitas guiadas, charlas informativas, cuidados y consejos para la salud&#8230;con propuestas novedosas o ya conocidas pero siempre con el objetivo&nbsp; de colaborar, a trav\u00e9s de ellas, con la prevenci\u00f3n y promoci\u00f3n de la salud que tan importante es y que nos interesa a todos.<\/p>\n\n\n\n<p class=\"has-black-color has-text-color wp-block-paragraph\">Qu\u00e9 mejor manera que comenzar con presencialidad, compartiendo un rico caf\u00e9 acompa\u00f1ado de poes\u00eda y pintura!!!&nbsp; Es por eso que les hacemos llegar la siguiente invitaci\u00f3n:<\/p>\n\n\n\n<p class=\"has-luminous-vivid-orange-color has-text-color wp-block-paragraph\"><img decoding=\"async\" src=\"https:\/\/fonts.gstatic.com\/s\/e\/notoemoji\/15.0\/1f4cc\/32.png\" alt=\"&#x1f4cc;\"><strong>LUGAR DE ENCUENTRO:&nbsp;<\/strong> <strong>WATSON&#8217;S CAF\u00c9 &amp; RESTO<\/strong> (VUELTA DE OBLIGADO 2070 (BELGRANO) AL LADO DE LA&nbsp; PARROQUIA INMACULADA CONCEPCI\u00d3N, CONOCIDA COMO LA REDONDA<\/p>\n\n\n\n<p class=\"has-luminous-vivid-orange-color has-text-color wp-block-paragraph\"><img decoding=\"async\" src=\"https:\/\/fonts.gstatic.com\/s\/e\/notoemoji\/15.0\/1f4cc\/32.png\" alt=\"&#x1f4cc;\">HORARIO DE ENCUENTRO: <strong>14:45 HS.<\/strong><\/p>\n\n\n\n<p class=\"has-luminous-vivid-orange-color has-text-color wp-block-paragraph\"><img decoding=\"async\" src=\"https:\/\/fonts.gstatic.com\/s\/e\/notoemoji\/15.0\/1f4cc\/32.png\" alt=\"&#x1f4cc;\">VALOR GENERAL: <strong>$400<\/strong><\/p>\n\n\n\n<p class=\"has-luminous-vivid-orange-color has-text-color wp-block-paragraph\"><img decoding=\"async\" src=\"https:\/\/fonts.gstatic.com\/s\/e\/notoemoji\/15.0\/1f4cc\/32.png\" alt=\"&#x1f4cc;\"><strong>CONFIRMAR ASISTENCIA&nbsp; HASTA JUEVES 9\/3<\/strong><\/p>\n\n\n\n<figure class=\"wp-block-image size-large is-resized\"><a href=\"https:\/\/mutualdelcirculodeministros.org.ar\/actividades\/wp-content\/uploads\/2023\/03\/20230309-te-literario.png\"><img loading=\"lazy\" decoding=\"async\" src=\"https:\/\/mutualdelcirculodeministros.org.ar\/actividades\/wp-content\/uploads\/2023\/03\/20230309-te-literario-1024x1024.png\" alt=\"\" class=\"wp-image-509\" width=\"840\" height=\"840\" srcset=\"https:\/\/mutualdelcirculodeministros.org.ar\/actividades\/wp-content\/uploads\/2023\/03\/20230309-te-literario-1024x1024.png 1024w, https:\/\/mutualdelcirculodeministros.org.ar\/actividades\/wp-content\/uploads\/2023\/03\/20230309-te-literario-300x300.png 300w, https:\/\/mutualdelcirculodeministros.org.ar\/actividades\/wp-content\/uploads\/2023\/03\/20230309-te-literario-150x150.png 150w, https:\/\/mutualdelcirculodeministros.org.ar\/actividades\/wp-content\/uploads\/2023\/03\/20230309-te-literario-768x768.png 768w, https:\/\/mutualdelcirculodeministros.org.ar\/actividades\/wp-content\/uploads\/2023\/03\/20230309-te-literario.png 1080w\" sizes=\"auto, (max-width: 840px) 100vw, 840px\" \/><\/a><\/figure>\n\n\n\n<div class=\"wp-block-group\"><div class=\"wp-block-group__inner-container is-layout-flow wp-block-group-is-layout-flow\">\n<div style=\"height:100px\" aria-hidden=\"true\" class=\"wp-block-spacer\"><\/div>\n\n\n\n<hr class=\"wp-block-separator has-alpha-channel-opacity\"\/>\n\n\n\n<p class=\"wp-block-paragraph\"><strong>Para m\u00e1s informaci\u00f3n:<\/strong><br><a href=\"mailto:mutualdelcirculo@gmail.com\">mutualdelcirculo@gmail.com<br>info@mutualdelcirculodeministros.org.ar<\/a><\/p>\n\n\n\n<p class=\"wp-block-paragraph\">Tel\u00e9fonos: (011) 7078-1291<br>Whatsapp: 11-5097-6085<\/p>\n<\/div><\/div>\n","protected":false},"excerpt":{"rendered":"<p>09|03 T\u00c9 LITERARIO Estimados socios y amigos: &nbsp; &nbsp; &nbsp; &nbsp; &nbsp; &nbsp; &nbsp; &nbsp; &nbsp; &nbsp; &nbsp; &nbsp; &nbsp; &nbsp; &nbsp; &nbsp; &nbsp; &nbsp; &nbsp; &nbsp; &nbsp; &nbsp; Luego del habitual receso&nbsp;de verano queremos darles la bienvenida con muchas buenas y nuevas propuestas pensadas para ustedes y que pronto les haremos llegar. Ser\u00e1 un &hellip; <\/p>\n","protected":false},"author":1,"featured_media":509,"comment_status":"closed","ping_status":"closed","sticky":true,"template":"","format":"standard","meta":{"footnotes":""},"categories":[3,56,57],"tags":[76,48],"class_list":["post-508","post","type-post","status-publish","format-standard","has-post-thumbnail","hentry","category-actividades","category-talleres","category-visitas-guiadas","tag-paseo","tag-visita"],"_links":{"self":[{"href":"https:\/\/mutualdelcirculodeministros.org.ar\/actividades\/wp-json\/wp\/v2\/posts\/508","targetHints":{"allow":["GET"]}}],"collection":[{"href":"https:\/\/mutualdelcirculodeministros.org.ar\/actividades\/wp-json\/wp\/v2\/posts"}],"about":[{"href":"https:\/\/mutualdelcirculodeministros.org.ar\/actividades\/wp-json\/wp\/v2\/types\/post"}],"author":[{"embeddable":true,"href":"https:\/\/mutualdelcirculodeministros.org.ar\/actividades\/wp-json\/wp\/v2\/users\/1"}],"replies":[{"embeddable":true,"href":"https:\/\/mutualdelcirculodeministros.org.ar\/actividades\/wp-json\/wp\/v2\/comments?post=508"}],"version-history":[{"count":0,"href":"https:\/\/mutualdelcirculodeministros.org.ar\/actividades\/wp-json\/wp\/v2\/posts\/508\/revisions"}],"wp:featuredmedia":[{"embeddable":true,"href":"https:\/\/mutualdelcirculodeministros.org.ar\/actividades\/wp-json\/wp\/v2\/media\/509"}],"wp:attachment":[{"href":"https:\/\/mutualdelcirculodeministros.org.ar\/actividades\/wp-json\/wp\/v2\/media?parent=508"}],"wp:term":[{"taxonomy":"category","embeddable":true,"href":"https:\/\/mutualdelcirculodeministros.org.ar\/actividades\/wp-json\/wp\/v2\/categories?post=508"},{"taxonomy":"post_tag","embeddable":true,"href":"https:\/\/mutualdelcirculodeministros.org.ar\/actividades\/wp-json\/wp\/v2\/tags?post=508"}],"curies":[{"name":"wp","href":"https:\/\/api.w.org\/{rel}","templated":true}]}}