{"id":514,"date":"2023-05-30T11:43:26","date_gmt":"2023-05-30T14:43:26","guid":{"rendered":"https:\/\/mutualdelcirculodeministros.ar\/actividades\/?p=514"},"modified":"2023-05-30T11:43:26","modified_gmt":"2023-05-30T14:43:26","slug":"1511-taller-de-estimulacion-cognitiva-virtual-2","status":"publish","type":"post","link":"https:\/\/mutualdelcirculodeministros.org.ar\/actividades\/1511-taller-de-estimulacion-cognitiva-virtual-2\/","title":{"rendered":"Taller de Estimulaci\u00f3n Cognitiva. Virtual &#8211; \u00a1\u00a1Pr\u00f3ximas Fechas!!"},"content":{"rendered":"\n<div style=\"height:50px\" aria-hidden=\"true\" class=\"wp-block-spacer\"><\/div>\n\n\n\n<p class=\"wp-block-paragraph\">Estimados Socios:<\/p>\n\n\n\n<p class=\"wp-block-paragraph\">\u00a0 \u00a0 \u00a0 \u00a0 \u00a0 \u00a0 \u00a0 \u00a0 \u00a0 \u00a0 \u00a0 \u00a0 \u00a0 \u00a0 \u00a0 Les compartimos el cronograma de los pr\u00f3ximos encuentros v\u00eda Zoom del Taller de Estimulaci\u00f3n Cognitiva a cargo de la Prof\u00aa Mariana Karmann. Quienes deseen participar por primera vez en la reuni\u00f3n deber\u00e1n enviarnos su inter\u00e9s a trav\u00e9s de las diferentes alternativas de contacto y as\u00ed poder hacerles llegar el link correspondiente.<\/p>\n\n\n\n<div style=\"height:50px\" aria-hidden=\"true\" class=\"wp-block-spacer\"><\/div>\n\n\n\n<h2 class=\"wp-block-heading\">PROXIMAS FECHAS<\/h2>\n\n\n\n<p class=\"wp-block-paragraph\"><strong><em><u>Taller de Estimulaci\u00f3n Cognitiva&nbsp;<\/u><\/em><\/strong><\/p>\n\n\n\n<p class=\"wp-block-paragraph\">Profesora:&nbsp;Mariana Karmann<\/p>\n\n\n\n<ul class=\"wp-block-list\">\n<li>Lunes 5\/06: 14 hs (encuentro virtual)<\/li>\n\n\n\n<li>Lunes 12\/06: 14 hs (encuentro virtual)<\/li>\n\n\n\n<li>Lunes 26\/06: 14 hs (encuentro virtual A CONFIRMAR)<\/li>\n<\/ul>\n\n\n\n<div style=\"height:50px\" aria-hidden=\"true\" class=\"wp-block-spacer\"><\/div>\n\n\n\n<p class=\"wp-block-paragraph\"><strong>Todas las actividades virtuales mencionadas son gratuitas para los socios de la Mutualidad, el Circulo de Ministros y OSMISS.<\/strong><\/p>\n\n\n\n<p class=\"wp-block-paragraph\">\u00a1Los esperamos!<\/p>\n\n\n\n<p class=\"wp-block-paragraph\">Saludos cordiales.<\/p>\n\n\n\n<div class=\"wp-block-group\"><div class=\"wp-block-group__inner-container is-layout-flow wp-block-group-is-layout-flow\">\n<div style=\"height:100px\" aria-hidden=\"true\" class=\"wp-block-spacer\"><\/div>\n\n\n\n<hr class=\"wp-block-separator has-alpha-channel-opacity\"\/>\n\n\n\n<p class=\"wp-block-paragraph\"><strong>Para m\u00e1s informaci\u00f3n:<\/strong><br><a href=\"mailto:mutualdelcirculo@gmail.com\">mutualdelcirculo@gmail.com<br>info@mutualdelcirculodeministros.org.ar<\/a><\/p>\n\n\n\n<p class=\"wp-block-paragraph\">Tel\u00e9fonos: (011) 7078-1291<br>Whatsapp: 11-5097-6085<\/p>\n<\/div><\/div>\n","protected":false},"excerpt":{"rendered":"<p>Estimados Socios: \u00a0 \u00a0 \u00a0 \u00a0 \u00a0 \u00a0 \u00a0 \u00a0 \u00a0 \u00a0 \u00a0 \u00a0 \u00a0 \u00a0 \u00a0 Les compartimos el cronograma de los pr\u00f3ximos encuentros v\u00eda Zoom del Taller de Estimulaci\u00f3n Cognitiva a cargo de la Prof\u00aa Mariana Karmann. Quienes deseen participar por primera vez en la reuni\u00f3n deber\u00e1n enviarnos su inter\u00e9s a trav\u00e9s de &hellip; <\/p>\n","protected":false},"author":1,"featured_media":197,"comment_status":"closed","ping_status":"closed","sticky":false,"template":"","format":"standard","meta":{"footnotes":""},"categories":[3,56],"tags":[],"class_list":["post-514","post","type-post","status-publish","format-standard","has-post-thumbnail","hentry","category-actividades","category-talleres"],"_links":{"self":[{"href":"https:\/\/mutualdelcirculodeministros.org.ar\/actividades\/wp-json\/wp\/v2\/posts\/514","targetHints":{"allow":["GET"]}}],"collection":[{"href":"https:\/\/mutualdelcirculodeministros.org.ar\/actividades\/wp-json\/wp\/v2\/posts"}],"about":[{"href":"https:\/\/mutualdelcirculodeministros.org.ar\/actividades\/wp-json\/wp\/v2\/types\/post"}],"author":[{"embeddable":true,"href":"https:\/\/mutualdelcirculodeministros.org.ar\/actividades\/wp-json\/wp\/v2\/users\/1"}],"replies":[{"embeddable":true,"href":"https:\/\/mutualdelcirculodeministros.org.ar\/actividades\/wp-json\/wp\/v2\/comments?post=514"}],"version-history":[{"count":0,"href":"https:\/\/mutualdelcirculodeministros.org.ar\/actividades\/wp-json\/wp\/v2\/posts\/514\/revisions"}],"wp:featuredmedia":[{"embeddable":true,"href":"https:\/\/mutualdelcirculodeministros.org.ar\/actividades\/wp-json\/wp\/v2\/media\/197"}],"wp:attachment":[{"href":"https:\/\/mutualdelcirculodeministros.org.ar\/actividades\/wp-json\/wp\/v2\/media?parent=514"}],"wp:term":[{"taxonomy":"category","embeddable":true,"href":"https:\/\/mutualdelcirculodeministros.org.ar\/actividades\/wp-json\/wp\/v2\/categories?post=514"},{"taxonomy":"post_tag","embeddable":true,"href":"https:\/\/mutualdelcirculodeministros.org.ar\/actividades\/wp-json\/wp\/v2\/tags?post=514"}],"curies":[{"name":"wp","href":"https:\/\/api.w.org\/{rel}","templated":true}]}}