{"id":520,"date":"2023-05-30T12:11:38","date_gmt":"2023-05-30T15:11:38","guid":{"rendered":"https:\/\/mutualdelcirculodeministros.ar\/actividades\/?p=520"},"modified":"2023-05-30T12:11:38","modified_gmt":"2023-05-30T15:11:38","slug":"taller-de-encuentros-con-el-arte-proximas-fechas","status":"publish","type":"post","link":"https:\/\/mutualdelcirculodeministros.org.ar\/actividades\/taller-de-encuentros-con-el-arte-proximas-fechas\/","title":{"rendered":"Taller de \u00abEncuentros con el Arte\u00bb \u00a1\u00a1Pr\u00f3ximas Fechas!!"},"content":{"rendered":"\n<div style=\"height:50px\" aria-hidden=\"true\" class=\"wp-block-spacer\"><\/div>\n\n\n\n<p class=\"wp-block-paragraph\">Estimados Socios y amigos:<\/p>\n\n\n\n<p class=\"wp-block-paragraph\">&nbsp; &nbsp; &nbsp; &nbsp; &nbsp; &nbsp; &nbsp; &nbsp; &nbsp; &nbsp; &nbsp; &nbsp; &nbsp; &nbsp; &nbsp; &nbsp; &nbsp; &nbsp; &nbsp; &nbsp; &nbsp; &nbsp; &nbsp; Les recordamos hacemos llegar las pr\u00f3ximas fechas donde volveremos a reunirnos v\u00eda Zoom con la Prof\u00aa. Solange Jouinsse en una nueva charla del Taller de Encuentros con el Arte.<\/p>\n\n\n\n<p class=\"wp-block-paragraph\">Aquellos que est\u00e9n interesados en sumarse a \u00e9stas reuniones y hasta ahora no hayan participado, tengan presente&nbsp; que primero deber\u00e1n inscribirse a trav\u00e9s de los diferentes medios de contacto para poder hacerles llegar el link correspondiente.<\/p>\n\n\n\n<div style=\"height:50px\" aria-hidden=\"true\" class=\"wp-block-spacer\"><\/div>\n\n\n\n<h2 class=\"wp-block-heading\">PROXIMAS FECHAS<\/h2>\n\n\n\n<p class=\"wp-block-paragraph\"><strong><em><u>Taller de Arte&nbsp;<\/u><\/em><\/strong><\/p>\n\n\n\n<p class=\"wp-block-paragraph\">Profesora:&nbsp;Solange Jouinsse<\/p>\n\n\n\n<ul class=\"wp-block-list\">\n<li>Viernes 2\/06: 15 hs (encuentro virtual)<\/li>\n\n\n\n<li>Viernes 16\/06: 15 hs (encuentro virtual)<\/li>\n\n\n\n<li>Viernes 30\/06: Encuentro presencial- se confirma hora y lugar donde se realizar\u00e1 el encuentro.<\/li>\n<\/ul>\n\n\n\n<div style=\"height:50px\" aria-hidden=\"true\" class=\"wp-block-spacer\"><\/div>\n\n\n\n<p class=\"wp-block-paragraph\"><strong>Todas las actividades virtuales mencionadas son gratuitas para los socios de la Mutualidad, el Circulo de Ministros y OSMISS.<\/strong><\/p>\n\n\n\n<p class=\"wp-block-paragraph\">\u00a1Los esperamos!<\/p>\n\n\n\n<p class=\"wp-block-paragraph\">Saludos cordiales.<\/p>\n\n\n\n<div class=\"wp-block-group\"><div class=\"wp-block-group__inner-container is-layout-flow wp-block-group-is-layout-flow\">\n<div style=\"height:100px\" aria-hidden=\"true\" class=\"wp-block-spacer\"><\/div>\n\n\n\n<hr class=\"wp-block-separator has-alpha-channel-opacity\"\/>\n\n\n\n<p class=\"wp-block-paragraph\"><strong>Para m\u00e1s informaci\u00f3n:<\/strong><br><a href=\"mailto:mutualdelcirculo@gmail.com\">mutualdelcirculo@gmail.com<br>info@mutualdelcirculodeministros.org.ar<\/a><\/p>\n\n\n\n<p class=\"wp-block-paragraph\">Tel\u00e9fonos: (011) 7078-1291<br>Whatsapp: 11-5097-6085<\/p>\n<\/div><\/div>\n","protected":false},"excerpt":{"rendered":"<p>Estimados Socios y amigos: &nbsp; &nbsp; &nbsp; &nbsp; &nbsp; &nbsp; &nbsp; &nbsp; &nbsp; &nbsp; &nbsp; &nbsp; &nbsp; &nbsp; &nbsp; &nbsp; &nbsp; &nbsp; &nbsp; &nbsp; &nbsp; &nbsp; &nbsp; Les recordamos hacemos llegar las pr\u00f3ximas fechas donde volveremos a reunirnos v\u00eda Zoom con la Prof\u00aa. Solange Jouinsse en una nueva charla del Taller de Encuentros con el &hellip; <\/p>\n","protected":false},"author":1,"featured_media":521,"comment_status":"closed","ping_status":"closed","sticky":false,"template":"","format":"standard","meta":{"footnotes":""},"categories":[3,56],"tags":[5,43],"class_list":["post-520","post","type-post","status-publish","format-standard","has-post-thumbnail","hentry","category-actividades","category-talleres","tag-arte","tag-taller"],"_links":{"self":[{"href":"https:\/\/mutualdelcirculodeministros.org.ar\/actividades\/wp-json\/wp\/v2\/posts\/520","targetHints":{"allow":["GET"]}}],"collection":[{"href":"https:\/\/mutualdelcirculodeministros.org.ar\/actividades\/wp-json\/wp\/v2\/posts"}],"about":[{"href":"https:\/\/mutualdelcirculodeministros.org.ar\/actividades\/wp-json\/wp\/v2\/types\/post"}],"author":[{"embeddable":true,"href":"https:\/\/mutualdelcirculodeministros.org.ar\/actividades\/wp-json\/wp\/v2\/users\/1"}],"replies":[{"embeddable":true,"href":"https:\/\/mutualdelcirculodeministros.org.ar\/actividades\/wp-json\/wp\/v2\/comments?post=520"}],"version-history":[{"count":0,"href":"https:\/\/mutualdelcirculodeministros.org.ar\/actividades\/wp-json\/wp\/v2\/posts\/520\/revisions"}],"wp:featuredmedia":[{"embeddable":true,"href":"https:\/\/mutualdelcirculodeministros.org.ar\/actividades\/wp-json\/wp\/v2\/media\/521"}],"wp:attachment":[{"href":"https:\/\/mutualdelcirculodeministros.org.ar\/actividades\/wp-json\/wp\/v2\/media?parent=520"}],"wp:term":[{"taxonomy":"category","embeddable":true,"href":"https:\/\/mutualdelcirculodeministros.org.ar\/actividades\/wp-json\/wp\/v2\/categories?post=520"},{"taxonomy":"post_tag","embeddable":true,"href":"https:\/\/mutualdelcirculodeministros.org.ar\/actividades\/wp-json\/wp\/v2\/tags?post=520"}],"curies":[{"name":"wp","href":"https:\/\/api.w.org\/{rel}","templated":true}]}}