{"id":524,"date":"2023-05-30T12:41:58","date_gmt":"2023-05-30T15:41:58","guid":{"rendered":"https:\/\/mutualdelcirculodeministros.ar\/actividades\/?p=524"},"modified":"2023-05-30T12:41:58","modified_gmt":"2023-05-30T15:41:58","slug":"3005-ciclo-de-charlas-de-nutricion-virtual-proximas-fechas","status":"publish","type":"post","link":"https:\/\/mutualdelcirculodeministros.org.ar\/actividades\/3005-ciclo-de-charlas-de-nutricion-virtual-proximas-fechas\/","title":{"rendered":"30|05 Ciclo de Charlas de Nutrici\u00f3n &#8211; Virtual &#8211; \u00a1\u00a1Pr\u00f3ximas Fechas!!"},"content":{"rendered":"\n<div style=\"height:50px\" aria-hidden=\"true\" class=\"wp-block-spacer\"><\/div>\n\n\n\n<p class=\"wp-block-paragraph\">Estimados Socios:<\/p>\n\n\n\n<p class=\"wp-block-paragraph\">&nbsp; &nbsp; &nbsp; &nbsp; &nbsp; &nbsp; &nbsp; &nbsp; &nbsp; &nbsp; &nbsp; &nbsp; &nbsp; &nbsp; &nbsp; Les compartimos el cronograma de los pr\u00f3ximos encuentros virtuales del nuevo ciclo de Charlas de Nutrici\u00f3n a cargo de la Lic. Agustina Beacon. Quienes deseen participar por primera vez en la reuni\u00f3n deber\u00e1n enviarnos su inter\u00e9s a trav\u00e9s de las diferentes alternativas de contacto y as\u00ed poder hacerles llegar el link correspondiente.<\/p>\n\n\n\n<div style=\"height:50px\" aria-hidden=\"true\" class=\"wp-block-spacer\"><\/div>\n\n\n\n<figure class=\"wp-block-image size-large\"><a href=\"https:\/\/mutualdelcirculodeministros.org.ar\/actividades\/wp-content\/uploads\/2023\/05\/2023-05-30-charlas-nutricion.jpg\"><img loading=\"lazy\" decoding=\"async\" width=\"1024\" height=\"1024\" src=\"https:\/\/mutualdelcirculodeministros.org.ar\/actividades\/wp-content\/uploads\/2023\/05\/2023-05-30-charlas-nutricion-1024x1024.jpg\" alt=\"2023-05-30 charlas nutricion\" class=\"wp-image-525\" srcset=\"https:\/\/mutualdelcirculodeministros.org.ar\/actividades\/wp-content\/uploads\/2023\/05\/2023-05-30-charlas-nutricion-1024x1024.jpg 1024w, https:\/\/mutualdelcirculodeministros.org.ar\/actividades\/wp-content\/uploads\/2023\/05\/2023-05-30-charlas-nutricion-300x300.jpg 300w, https:\/\/mutualdelcirculodeministros.org.ar\/actividades\/wp-content\/uploads\/2023\/05\/2023-05-30-charlas-nutricion-150x150.jpg 150w, https:\/\/mutualdelcirculodeministros.org.ar\/actividades\/wp-content\/uploads\/2023\/05\/2023-05-30-charlas-nutricion-768x768.jpg 768w, https:\/\/mutualdelcirculodeministros.org.ar\/actividades\/wp-content\/uploads\/2023\/05\/2023-05-30-charlas-nutricion.jpg 1080w\" sizes=\"auto, (max-width: 1024px) 100vw, 1024px\" \/><\/a><\/figure>\n\n\n\n<div style=\"height:50px\" aria-hidden=\"true\" class=\"wp-block-spacer\"><\/div>\n\n\n\n<h2 class=\"wp-block-heading\">PROXIMAS FECHAS<\/h2>\n\n\n\n<p class=\"wp-block-paragraph\"><strong><em><u>Ciclo de Charlas virtuales de Nutrici\u00f3n<\/u><\/em><\/strong><\/p>\n\n\n\n<p class=\"wp-block-paragraph\">Lic. Beacon Agustina<\/p>\n\n\n\n<ul class=\"wp-block-list\">\n<li>Martes 6\/06-15 hs : Nueva Ley de Etiquetado Frontal<\/li>\n\n\n\n<li>Martes 13\/06- 15 hs: Compra Consciente&nbsp;<\/li>\n\n\n\n<li>Martes 27\/06-15 hs: Las Grasas hacen bien\/ Reemplazo de prote\u00ednas de origen animal<\/li>\n<\/ul>\n\n\n\n<div style=\"height:50px\" aria-hidden=\"true\" class=\"wp-block-spacer\"><\/div>\n\n\n\n<p class=\"wp-block-paragraph\"><strong>Todas las actividades virtuales mencionadas son gratuitas para los socios de la Mutualidad, el Circulo de Ministros y OSMISS.<\/strong><\/p>\n\n\n\n<p class=\"wp-block-paragraph\">\u00a1Los esperamos!<\/p>\n\n\n\n<p class=\"wp-block-paragraph\">Saludos cordiales.<\/p>\n\n\n\n<div class=\"wp-block-group\"><div class=\"wp-block-group__inner-container is-layout-flow wp-block-group-is-layout-flow\">\n<div style=\"height:100px\" aria-hidden=\"true\" class=\"wp-block-spacer\"><\/div>\n\n\n\n<hr class=\"wp-block-separator has-alpha-channel-opacity\"\/>\n\n\n\n<p class=\"wp-block-paragraph\"><strong>Para m\u00e1s informaci\u00f3n:<\/strong><br><a href=\"mailto:mutualdelcirculo@gmail.com\">mutualdelcirculo@gmail.com<br>info@mutualdelcirculodeministros.org.ar<\/a><\/p>\n\n\n\n<p class=\"wp-block-paragraph\">Tel\u00e9fonos: (011) 7078-1291<br>Whatsapp: 11-5097-6085<\/p>\n<\/div><\/div>\n","protected":false},"excerpt":{"rendered":"<p>Estimados Socios: &nbsp; &nbsp; &nbsp; &nbsp; &nbsp; &nbsp; &nbsp; &nbsp; &nbsp; &nbsp; &nbsp; &nbsp; &nbsp; &nbsp; &nbsp; Les compartimos el cronograma de los pr\u00f3ximos encuentros virtuales del nuevo ciclo de Charlas de Nutrici\u00f3n a cargo de la Lic. Agustina Beacon. Quienes deseen participar por primera vez en la reuni\u00f3n deber\u00e1n enviarnos su inter\u00e9s a trav\u00e9s &hellip; <\/p>\n","protected":false},"author":1,"featured_media":533,"comment_status":"closed","ping_status":"closed","sticky":false,"template":"","format":"standard","meta":{"footnotes":""},"categories":[3,55,56],"tags":[58,59,10,11,75],"class_list":["post-524","post","type-post","status-publish","format-standard","has-post-thumbnail","hentry","category-actividades","category-eventos","category-talleres","tag-agustina","tag-agustina-beacon","tag-charlas","tag-ciclos-de-charlas","tag-nutricion"],"_links":{"self":[{"href":"https:\/\/mutualdelcirculodeministros.org.ar\/actividades\/wp-json\/wp\/v2\/posts\/524","targetHints":{"allow":["GET"]}}],"collection":[{"href":"https:\/\/mutualdelcirculodeministros.org.ar\/actividades\/wp-json\/wp\/v2\/posts"}],"about":[{"href":"https:\/\/mutualdelcirculodeministros.org.ar\/actividades\/wp-json\/wp\/v2\/types\/post"}],"author":[{"embeddable":true,"href":"https:\/\/mutualdelcirculodeministros.org.ar\/actividades\/wp-json\/wp\/v2\/users\/1"}],"replies":[{"embeddable":true,"href":"https:\/\/mutualdelcirculodeministros.org.ar\/actividades\/wp-json\/wp\/v2\/comments?post=524"}],"version-history":[{"count":0,"href":"https:\/\/mutualdelcirculodeministros.org.ar\/actividades\/wp-json\/wp\/v2\/posts\/524\/revisions"}],"wp:featuredmedia":[{"embeddable":true,"href":"https:\/\/mutualdelcirculodeministros.org.ar\/actividades\/wp-json\/wp\/v2\/media\/533"}],"wp:attachment":[{"href":"https:\/\/mutualdelcirculodeministros.org.ar\/actividades\/wp-json\/wp\/v2\/media?parent=524"}],"wp:term":[{"taxonomy":"category","embeddable":true,"href":"https:\/\/mutualdelcirculodeministros.org.ar\/actividades\/wp-json\/wp\/v2\/categories?post=524"},{"taxonomy":"post_tag","embeddable":true,"href":"https:\/\/mutualdelcirculodeministros.org.ar\/actividades\/wp-json\/wp\/v2\/tags?post=524"}],"curies":[{"name":"wp","href":"https:\/\/api.w.org\/{rel}","templated":true}]}}