{"id":539,"date":"2023-08-08T16:42:00","date_gmt":"2023-08-08T19:42:00","guid":{"rendered":"https:\/\/mutualdelcirculodeministros.ar\/actividades\/?p=539"},"modified":"2023-08-08T16:42:00","modified_gmt":"2023-08-08T19:42:00","slug":"talleres-activos-posturales","status":"publish","type":"post","link":"https:\/\/mutualdelcirculodeministros.org.ar\/actividades\/talleres-activos-posturales\/","title":{"rendered":"AGOSTO &#8211; TALLERES ACTIVOS POSTURALES"},"content":{"rendered":"\n<p class=\"wp-block-paragraph\"><\/p>\n\n\n\n<p class=\"wp-block-paragraph\"><strong>Prof. Karina Groppo<\/strong><\/p>\n\n\n\n<p class=\"wp-block-paragraph\"><strong><em><u>T\u00e9cnica Biomec\u00e1nica:<\/u><\/em><\/strong>&nbsp;una excelente t\u00e9cnica&nbsp;de entrenamiento corporal que apunta al desbloqueo de zonas de tensi\u00f3n, malestares f\u00edsicos&nbsp;cotidianos y dolores cr\u00f3nicos.<\/p>\n\n\n\n<p class=\"wp-block-paragraph\"><strong><em>&nbsp;Fechas de los pr\u00f3ximos&nbsp;encuentros<\/em><\/strong><\/p>\n\n\n\n<p class=\"wp-block-paragraph\"><img decoding=\"async\" alt=\"&#x1f4cc;\" src=\"https:\/\/fonts.gstatic.com\/s\/e\/notoemoji\/15.0\/1f4cc\/32.png\">11\/07: Taller de locomoci\u00f3n de la marcha: analizamos nuestra manera de caminar y marchamos!<\/p>\n\n\n\n<ul class=\"wp-block-list\">\n<li>Hora: 15.30 hs<\/li>\n\n\n\n<li>Duraci\u00f3n: 1 hora&nbsp;<\/li>\n<\/ul>\n\n\n\n<p class=\"wp-block-paragraph\"><img decoding=\"async\" src=\"https:\/\/fonts.gstatic.com\/s\/e\/notoemoji\/15.0\/1f4cc\/32.png\" alt=\"&#x1f4cc;\">25\/07: Biomec\u00e1nica&nbsp;para la prevenci\u00f3n de osteoporosis y protecci\u00f3n de la articulaci\u00f3n de la cadera.<\/p>\n\n\n\n<ul class=\"wp-block-list\">\n<li>Hora: 15.30 hs<\/li>\n\n\n\n<li>Duraci\u00f3n: 1 hora<\/li>\n<\/ul>\n\n\n\n<p class=\"wp-block-paragraph\"><img decoding=\"async\" alt=\"&#x1f4cc;\" src=\"https:\/\/fonts.gstatic.com\/s\/e\/notoemoji\/15.0\/1f4cc\/32.png\">8\/08 Taller de fortalecimiento muscular y trabajo de la planta del pie.<\/p>\n\n\n\n<ul class=\"wp-block-list\">\n<li>Hora: 15.30 hs<\/li>\n\n\n\n<li>Duraci\u00f3n: 1 hora<\/li>\n<\/ul>\n\n\n\n<p class=\"wp-block-paragraph\"><img decoding=\"async\" src=\"https:\/\/fonts.gstatic.com\/s\/e\/notoemoji\/15.0\/1f4cc\/32.png\" alt=\"&#x1f4cc;\"><strong>PROXIMO !!!  22\/08 Taller de movimiento: no hay excusas hoy bailamos tango.<\/strong><\/p>\n\n\n\n<ul class=\"wp-block-list\">\n<li><strong>Hora: 15.30 hs<\/strong><\/li>\n\n\n\n<li><strong>Duraci\u00f3n: 1 hora<\/strong><\/li>\n<\/ul>\n\n\n\n<p class=\"wp-block-paragraph\"><img decoding=\"async\" alt=\"&#x1f449;\" src=\"https:\/\/fonts.gstatic.com\/s\/e\/notoemoji\/15.0\/1f449\/32.png\">Socios con sus cuotas al d\u00eda: Sin cargo<\/p>\n\n\n\n<p class=\"wp-block-paragraph\"><img decoding=\"async\" alt=\"&#x1f449;\" src=\"https:\/\/fonts.gstatic.com\/s\/e\/notoemoji\/15.0\/1f449\/32.png\">Invitados: $1000 cada encuentro<\/p>\n\n\n\n<p class=\"wp-block-paragraph\"><strong><em><u>Importante:<\/u><\/em><\/strong>&nbsp;los encuentros son grupos reducidos (hasta 6 personas) y cada asistente podr\u00e1&nbsp;inscribirse en los encuentros a los que quiera concurrir (<strong>SON ENCUENTROS&nbsp;INDEPENDIENTES<\/strong>)<\/p>\n\n\n\n<p class=\"wp-block-paragraph\">Son presenciales y se realizan en la Zona del Congreso (Pichincha 176).<\/p>\n\n\n\n<p class=\"wp-block-paragraph\"><strong><em>Aprovechen esta actividad que les brindamos desde la Mutual, porque no solo es excelente, sino que adem\u00e1s&nbsp;procuramos cuidar mucho el bienestar f\u00edsico de nuestros socios<\/em><\/strong><\/p>\n","protected":false},"excerpt":{"rendered":"<p>Prof. Karina Groppo T\u00e9cnica Biomec\u00e1nica:&nbsp;una excelente t\u00e9cnica&nbsp;de entrenamiento corporal que apunta al desbloqueo de zonas de tensi\u00f3n, malestares f\u00edsicos&nbsp;cotidianos y dolores cr\u00f3nicos. &nbsp;Fechas de los pr\u00f3ximos&nbsp;encuentros 11\/07: Taller de locomoci\u00f3n de la marcha: analizamos nuestra manera de caminar y marchamos! 25\/07: Biomec\u00e1nica&nbsp;para la prevenci\u00f3n de osteoporosis y protecci\u00f3n de la articulaci\u00f3n de la cadera. 8\/08 &hellip; <\/p>\n","protected":false},"author":1,"featured_media":0,"comment_status":"closed","ping_status":"closed","sticky":false,"template":"","format":"standard","meta":{"footnotes":""},"categories":[3,56],"tags":[63,68,72],"class_list":["post-539","post","type-post","status-publish","format-standard","hentry","category-actividades","category-talleres","tag-biomecanica","tag-entrenamiento-corporal","tag-karina-groppo"],"_links":{"self":[{"href":"https:\/\/mutualdelcirculodeministros.org.ar\/actividades\/wp-json\/wp\/v2\/posts\/539","targetHints":{"allow":["GET"]}}],"collection":[{"href":"https:\/\/mutualdelcirculodeministros.org.ar\/actividades\/wp-json\/wp\/v2\/posts"}],"about":[{"href":"https:\/\/mutualdelcirculodeministros.org.ar\/actividades\/wp-json\/wp\/v2\/types\/post"}],"author":[{"embeddable":true,"href":"https:\/\/mutualdelcirculodeministros.org.ar\/actividades\/wp-json\/wp\/v2\/users\/1"}],"replies":[{"embeddable":true,"href":"https:\/\/mutualdelcirculodeministros.org.ar\/actividades\/wp-json\/wp\/v2\/comments?post=539"}],"version-history":[{"count":0,"href":"https:\/\/mutualdelcirculodeministros.org.ar\/actividades\/wp-json\/wp\/v2\/posts\/539\/revisions"}],"wp:attachment":[{"href":"https:\/\/mutualdelcirculodeministros.org.ar\/actividades\/wp-json\/wp\/v2\/media?parent=539"}],"wp:term":[{"taxonomy":"category","embeddable":true,"href":"https:\/\/mutualdelcirculodeministros.org.ar\/actividades\/wp-json\/wp\/v2\/categories?post=539"},{"taxonomy":"post_tag","embeddable":true,"href":"https:\/\/mutualdelcirculodeministros.org.ar\/actividades\/wp-json\/wp\/v2\/tags?post=539"}],"curies":[{"name":"wp","href":"https:\/\/api.w.org\/{rel}","templated":true}]}}