{"id":545,"date":"2023-03-21T10:16:00","date_gmt":"2023-03-21T13:16:00","guid":{"rendered":"https:\/\/mutualdelcirculodeministros.ar\/actividades\/?p=545"},"modified":"2023-03-21T10:16:00","modified_gmt":"2023-03-21T13:16:00","slug":"2103-14-hs-asamblea-anual-ordinaria","status":"publish","type":"post","link":"https:\/\/mutualdelcirculodeministros.org.ar\/actividades\/2103-14-hs-asamblea-anual-ordinaria\/","title":{"rendered":"21|03 14 hs. ASAMBLEA ANUAL ORDINARIA"},"content":{"rendered":"\n<p class=\"wp-block-paragraph\">Estimados socios:<\/p>\n\n\n\n<p class=\"wp-block-paragraph\">&nbsp; &nbsp; &nbsp; &nbsp; &nbsp; &nbsp; &nbsp; &nbsp; &nbsp; &nbsp; &nbsp; Les recordamos que ma\u00f1ana martes 21 de&nbsp;marzo 14 hrs. est\u00e1n todos invitados a participar de la Asamblea Anual Ordinaria de la Mutual del C\u00edrculo de Ministros, Secretarios y Subsecretarios del P.E.N. en nuestra sede ubicada en la calle A. Alsina 943- piso 5\u00b0 of. 507 de esta C.A.B.A.<\/p>\n\n\n\n<p class=\"wp-block-paragraph\">Los esperamos.<\/p>\n\n\n\n<figure class=\"wp-block-image size-medium\"><a href=\"https:\/\/mutualdelcirculodeministros.ar\/actividades\/wp-content\/uploads\/2022\/04\/logomutualhornech-1.png\"><img loading=\"lazy\" decoding=\"async\" width=\"300\" height=\"54\" src=\"https:\/\/mutualdelcirculodeministros.ar\/actividades\/wp-content\/uploads\/2022\/04\/logomutualhornech-1-300x54.png\" alt=\"\" class=\"wp-image-62\" srcset=\"https:\/\/mutualdelcirculodeministros.org.ar\/actividades\/wp-content\/uploads\/2022\/04\/logomutualhornech-1-300x54.png 300w, https:\/\/mutualdelcirculodeministros.org.ar\/actividades\/wp-content\/uploads\/2022\/04\/logomutualhornech-1.png 448w\" sizes=\"auto, (max-width: 300px) 100vw, 300px\" \/><\/a><\/figure>\n\n\n\n<p class=\"wp-block-paragraph\">La Comisi\u00f3n Directiva de la Mutual.<\/p>\n\n\n\n<div class=\"wp-block-group\"><div class=\"wp-block-group__inner-container is-layout-flow wp-block-group-is-layout-flow\">\n<div style=\"height:100px\" aria-hidden=\"true\" class=\"wp-block-spacer\"><\/div>\n\n\n\n<hr class=\"wp-block-separator has-alpha-channel-opacity\"\/>\n\n\n\n<p class=\"wp-block-paragraph\"><strong>Para m\u00e1s informaci\u00f3n:<\/strong><br><a href=\"mailto:mutualdelcirculo@gmail.com\">mutualdelcirculo@gmail.com<br>info@mutualdelcirculodeministros.org.ar<\/a><\/p>\n\n\n\n<p class=\"wp-block-paragraph\">Tel\u00e9fonos: (011) 7078-1291<br>Whatsapp: 11-5097-6085<\/p>\n<\/div><\/div>\n","protected":false},"excerpt":{"rendered":"<p>Estimados socios: &nbsp; &nbsp; &nbsp; &nbsp; &nbsp; &nbsp; &nbsp; &nbsp; &nbsp; &nbsp; &nbsp; Les recordamos que ma\u00f1ana martes 21 de&nbsp;marzo 14 hrs. est\u00e1n todos invitados a participar de la Asamblea Anual Ordinaria de la Mutual del C\u00edrculo de Ministros, Secretarios y Subsecretarios del P.E.N. en nuestra sede ubicada en la calle A. Alsina 943- piso &hellip; <\/p>\n","protected":false},"author":1,"featured_media":550,"comment_status":"closed","ping_status":"closed","sticky":false,"template":"","format":"standard","meta":{"footnotes":""},"categories":[3,55],"tags":[61],"class_list":["post-545","post","type-post","status-publish","format-standard","has-post-thumbnail","hentry","category-actividades","category-eventos","tag-asamblea"],"_links":{"self":[{"href":"https:\/\/mutualdelcirculodeministros.org.ar\/actividades\/wp-json\/wp\/v2\/posts\/545","targetHints":{"allow":["GET"]}}],"collection":[{"href":"https:\/\/mutualdelcirculodeministros.org.ar\/actividades\/wp-json\/wp\/v2\/posts"}],"about":[{"href":"https:\/\/mutualdelcirculodeministros.org.ar\/actividades\/wp-json\/wp\/v2\/types\/post"}],"author":[{"embeddable":true,"href":"https:\/\/mutualdelcirculodeministros.org.ar\/actividades\/wp-json\/wp\/v2\/users\/1"}],"replies":[{"embeddable":true,"href":"https:\/\/mutualdelcirculodeministros.org.ar\/actividades\/wp-json\/wp\/v2\/comments?post=545"}],"version-history":[{"count":0,"href":"https:\/\/mutualdelcirculodeministros.org.ar\/actividades\/wp-json\/wp\/v2\/posts\/545\/revisions"}],"wp:featuredmedia":[{"embeddable":true,"href":"https:\/\/mutualdelcirculodeministros.org.ar\/actividades\/wp-json\/wp\/v2\/media\/550"}],"wp:attachment":[{"href":"https:\/\/mutualdelcirculodeministros.org.ar\/actividades\/wp-json\/wp\/v2\/media?parent=545"}],"wp:term":[{"taxonomy":"category","embeddable":true,"href":"https:\/\/mutualdelcirculodeministros.org.ar\/actividades\/wp-json\/wp\/v2\/categories?post=545"},{"taxonomy":"post_tag","embeddable":true,"href":"https:\/\/mutualdelcirculodeministros.org.ar\/actividades\/wp-json\/wp\/v2\/tags?post=545"}],"curies":[{"name":"wp","href":"https:\/\/api.w.org\/{rel}","templated":true}]}}