{"id":575,"date":"2023-08-24T10:30:00","date_gmt":"2023-08-24T13:30:00","guid":{"rendered":"https:\/\/mutualdelcirculodeministros.ar\/actividades\/?p=575"},"modified":"2023-08-24T10:30:00","modified_gmt":"2023-08-24T13:30:00","slug":"2908-invitacion-al-ciclo-de-eventos-de-interes-general-del-circulo-de-ministros","status":"publish","type":"post","link":"https:\/\/mutualdelcirculodeministros.org.ar\/actividades\/2908-invitacion-al-ciclo-de-eventos-de-interes-general-del-circulo-de-ministros\/","title":{"rendered":"29|08 INVITACION AL CICLO DE EVENTOS DE INTERES GENERAL DEL CIRCULO DE MINISTROS"},"content":{"rendered":"\n<p class=\"has-vivid-cyan-blue-color has-text-color has-medium-font-size wp-block-paragraph\">Martes 29 de agosto &#8211; 16 hs.<br>Sede OSMISS, Adolfo Alsina 943, 5\u00b0, C.A.B.A.<\/p>\n\n\n\n<p class=\"has-text-align-center has-vivid-red-color has-text-color wp-block-paragraph\"><strong>INVITACION<\/strong><\/p>\n\n\n\n<hr class=\"wp-block-separator has-alpha-channel-opacity\"\/>\n\n\n\n<h2 class=\"wp-block-heading has-text-align-center\"><strong>CICLO DE EVENTOS DE INTERES GENERAL DEL <\/strong><br><strong>CIRCULO DE MINISTROS, SECRETARIOS Y <\/strong><br><strong>SUBSECRETARIOS DEL PODER EJECUTIVO NACIONAL<\/strong><\/h2>\n\n\n\n<hr class=\"wp-block-separator has-alpha-channel-opacity\"\/>\n\n\n\n<div class=\"wp-block-columns is-layout-flex wp-container-core-columns-is-layout-8f761849 wp-block-columns-is-layout-flex\">\n<div class=\"wp-block-column is-layout-flow wp-block-column-is-layout-flow\">\n<h3 class=\"wp-block-heading has-text-align-center has-vivid-red-color has-text-color has-medium-font-size\"><strong>&#8220;<em>G\u00e9nesis y&nbsp;desarrollo de la crisis del medio ambiente<\/em>&#8220;<\/strong><\/h3>\n\n\n\n<p class=\"has-text-align-center wp-block-paragraph\">Disertaci\u00f3n a cargo del&nbsp;<strong>Ing. Jorge Gustavo Burger<\/strong><\/p>\n<\/div>\n\n\n\n<div class=\"wp-block-column is-layout-flow wp-block-column-is-layout-flow\">\n<h3 class=\"wp-block-heading has-text-align-center has-vivid-red-color has-text-color has-medium-font-size\">&#8220;<strong>El rol del gas natural en la transici\u00f3n ambiental&#8221;<\/strong><\/h3>\n\n\n\n<p class=\"has-text-align-center wp-block-paragraph\">Disertaci\u00f3n a cargo del&nbsp;<strong>Dr.&nbsp;Juan Jos\u00e9 Carbajales<\/strong><\/p>\n<\/div>\n<\/div>\n\n\n\n<div style=\"height:100px\" aria-hidden=\"true\" class=\"wp-block-spacer\"><\/div>\n\n\n\n<p class=\"wp-block-paragraph\">Estimados:<\/p>\n\n\n\n<p class=\"wp-block-paragraph\" style=\"font-size:12px\"><strong>El encuentro tendr\u00e1 lugar el pr\u00f3ximo martes 29 de agosto,&nbsp; a las 16 horas,&nbsp; en el Sal\u00f3n Auditorio de OSMISS, sito en Alsina 943, Piso 5 de esta Ciudad.&nbsp;<\/strong><\/p>\n\n\n\n<p class=\"wp-block-paragraph\" style=\"font-size:12px\"><strong>La asistencia&nbsp; ser\u00e1 libre y s\u00f3lo se sugiere un aporte voluntario de $ 2.000.- &nbsp;para sostener el desarrollo del ciclo sobre temas de inter\u00e9s general; en tal sentido, nos resultar\u00eda de gran valor recibir su propuesta de asuntos cuyo tratamiento considere relevante.&nbsp;<\/strong><\/p>\n\n\n\n<p class=\"wp-block-paragraph\" style=\"font-size:12px\">Por razones de organizaci\u00f3n, &nbsp;rogamos confirmar su presencia &nbsp;por este medio. &nbsp;&nbsp;Esperando contar con su participaci\u00f3n, &nbsp;aprovechamos la oportunidad para saludarle con la estima de siempre.<\/p>\n\n\n\n<p class=\"has-text-align-right wp-block-paragraph\"><strong>CIRCULO DE MINISTROS&nbsp;<\/strong><\/p>\n\n\n\n<div style=\"height:100px\" aria-hidden=\"true\" class=\"wp-block-spacer\"><\/div>\n\n\n\n<p class=\"has-text-align-center wp-block-paragraph\"><strong>\u00a1\u00a1CONFIRMAR ASISTENCIA POR EMAIL!!<\/strong><\/p>\n\n\n\n<p class=\"has-text-align-center wp-block-paragraph\">Para consultas e inscripci\u00f3n, por favor escribir a:&nbsp;<a href=\"mailto:privada.presidencia@osmiss.org.ar?subject=Invitaci%C3%B3n%20C%C3%ADrculo%2029%2F6%2F2023&amp;body=\">privada.presidencia@osmiss.org.ar<\/a><\/p>\n\n\n\n<div class=\"wp-block-group\"><div class=\"wp-block-group__inner-container is-layout-flow wp-block-group-is-layout-flow\">\n<div style=\"height:100px\" aria-hidden=\"true\" class=\"wp-block-spacer\"><\/div>\n\n\n\n<hr class=\"wp-block-separator has-alpha-channel-opacity\"\/>\n\n\n\n<p class=\"wp-block-paragraph\"><strong>Para m\u00e1s informaci\u00f3n:<\/strong><br><a href=\"mailto:mutualdelcirculo@gmail.com\">mutualdelcirculo@gmail.com<br>info@mutualdelcirculodeministros.org.ar<\/a><\/p>\n\n\n\n<p class=\"wp-block-paragraph\">Tel\u00e9fonos: (011) 7078-1291<br>Whatsapp: 11-5097-6085<\/p>\n<\/div><\/div>\n\n\n\n<p class=\"wp-block-paragraph\"><\/p>\n","protected":false},"excerpt":{"rendered":"<p>Martes 29 de agosto &#8211; 16 hs.Sede OSMISS, Adolfo Alsina 943, 5\u00b0, C.A.B.A. INVITACION CICLO DE EVENTOS DE INTERES GENERAL DEL CIRCULO DE MINISTROS, SECRETARIOS Y SUBSECRETARIOS DEL PODER EJECUTIVO NACIONAL &#8220;G\u00e9nesis y&nbsp;desarrollo de la crisis del medio ambiente&#8220; Disertaci\u00f3n a cargo del&nbsp;Ing. Jorge Gustavo Burger &#8220;El rol del gas natural en la transici\u00f3n ambiental&#8221; &hellip; <\/p>\n","protected":false},"author":1,"featured_media":579,"comment_status":"closed","ping_status":"closed","sticky":false,"template":"","format":"standard","meta":{"footnotes":""},"categories":[3,55],"tags":[38],"class_list":["post-575","post","type-post","status-publish","format-standard","has-post-thumbnail","hentry","category-actividades","category-eventos","tag-presencial"],"_links":{"self":[{"href":"https:\/\/mutualdelcirculodeministros.org.ar\/actividades\/wp-json\/wp\/v2\/posts\/575","targetHints":{"allow":["GET"]}}],"collection":[{"href":"https:\/\/mutualdelcirculodeministros.org.ar\/actividades\/wp-json\/wp\/v2\/posts"}],"about":[{"href":"https:\/\/mutualdelcirculodeministros.org.ar\/actividades\/wp-json\/wp\/v2\/types\/post"}],"author":[{"embeddable":true,"href":"https:\/\/mutualdelcirculodeministros.org.ar\/actividades\/wp-json\/wp\/v2\/users\/1"}],"replies":[{"embeddable":true,"href":"https:\/\/mutualdelcirculodeministros.org.ar\/actividades\/wp-json\/wp\/v2\/comments?post=575"}],"version-history":[{"count":0,"href":"https:\/\/mutualdelcirculodeministros.org.ar\/actividades\/wp-json\/wp\/v2\/posts\/575\/revisions"}],"wp:featuredmedia":[{"embeddable":true,"href":"https:\/\/mutualdelcirculodeministros.org.ar\/actividades\/wp-json\/wp\/v2\/media\/579"}],"wp:attachment":[{"href":"https:\/\/mutualdelcirculodeministros.org.ar\/actividades\/wp-json\/wp\/v2\/media?parent=575"}],"wp:term":[{"taxonomy":"category","embeddable":true,"href":"https:\/\/mutualdelcirculodeministros.org.ar\/actividades\/wp-json\/wp\/v2\/categories?post=575"},{"taxonomy":"post_tag","embeddable":true,"href":"https:\/\/mutualdelcirculodeministros.org.ar\/actividades\/wp-json\/wp\/v2\/tags?post=575"}],"curies":[{"name":"wp","href":"https:\/\/api.w.org\/{rel}","templated":true}]}}