{"id":636,"date":"2023-10-25T11:30:00","date_gmt":"2023-10-25T14:30:00","guid":{"rendered":"https:\/\/mutualdelcirculodeministros.ar\/actividades\/?p=636"},"modified":"2023-10-25T11:30:00","modified_gmt":"2023-10-25T14:30:00","slug":"2510-capacitacion-de-nuevas-herramientas-digitales","status":"publish","type":"post","link":"https:\/\/mutualdelcirculodeministros.org.ar\/actividades\/2510-capacitacion-de-nuevas-herramientas-digitales\/","title":{"rendered":"25|10 CAPACITACION DE NUEVAS HERRAMIENTAS DIGITALES"},"content":{"rendered":"\n<p class=\"wp-block-paragraph\"><strong>Capacitaci\u00f3n&nbsp;de &#8220;Nuevas herramientas tecnol\u00f3gicas&#8221;   <\/strong><strong><em>Ultima clase<\/em><\/strong><\/p>\n\n\n\n<p class=\"wp-block-paragraph\"><\/p>\n\n\n\n<p class=\"wp-block-paragraph\">Socios y amigos!!!<\/p>\n\n\n\n<p class=\"wp-block-paragraph\">El mi\u00e9rcoles 25\/10\u00a0 \u00a0se realizar\u00e1 junto a la\u00a0<strong><em>Secretaria de Bienestar Integral del Gobierno, la capacitaci\u00f3n de Herramientas digitales.\u00a0<\/em><\/strong><\/p>\n\n\n\n<p class=\"wp-block-paragraph\">&nbsp;Adem\u00e1s aprovechamos la oportunidad para que conozcan&nbsp;nuestro&nbsp;<strong>nuevo<\/strong>&nbsp;espacio en la Sede del Circulo de Ministros.<\/p>\n\n\n\n<p class=\"wp-block-paragraph\">Tema principal que vamos a tratar:<br><img decoding=\"async\" src=\"https:\/\/fonts.gstatic.com\/s\/e\/notoemoji\/15.0\/1f449\/72.png\" alt=\"&#x1f449;\"><strong>Instagram<\/strong><\/p>\n\n\n\n<div style=\"height:100px\" aria-hidden=\"true\" class=\"wp-block-spacer\"><\/div>\n\n\n\n<p class=\"wp-block-paragraph\"><\/p>\n\n\n\n<p class=\"wp-block-paragraph\">Los esperamos con un rico desayuno y muchas ganas de verlos.<\/p>\n\n\n\n<p class=\"wp-block-paragraph\"><strong>Importante: inscripci\u00f3n previa (Inscribi\u00e9ndose&nbsp;por mail)&nbsp;<\/strong><\/p>\n\n\n\n<p class=\"wp-block-paragraph\"><strong><em><u>Tema<\/u><\/em>: Instagram<\/strong><\/p>\n\n\n\n<p class=\"wp-block-paragraph\"><strong><u>D\u00eda&nbsp;y horario:<\/u>&nbsp;Mi\u00e9rcoles&nbsp;25\/10- 10.30 hs<\/strong><\/p>\n\n\n\n<p class=\"wp-block-paragraph\"><strong><u>Lugar:<\/u>&nbsp;Sede Mutual Tucum\u00e1n&nbsp;811- 1\u00ba &#8220;A&#8221;<\/strong><\/p>\n\n\n\n<p class=\"wp-block-paragraph\"><strong>Capacitaci\u00f3n&nbsp;a cargo de Bienestar Integral del Gobierno de BA<\/strong><\/p>\n\n\n\n<p class=\"wp-block-paragraph\"><\/p>\n\n\n\n<p class=\"wp-block-paragraph\"><\/p>\n\n\n\n<div class=\"wp-block-group\"><div class=\"wp-block-group__inner-container is-layout-flow wp-block-group-is-layout-flow\">\n<div style=\"height:100px\" aria-hidden=\"true\" class=\"wp-block-spacer\"><\/div>\n\n\n\n<hr class=\"wp-block-separator has-alpha-channel-opacity\"\/>\n\n\n\n<p class=\"wp-block-paragraph\"><strong>Para m\u00e1s informaci\u00f3n:<\/strong><br><a href=\"mailto:mutualdelcirculo@gmail.com\">mutualdelcirculo@gmail.com<br>info@mutualdelcirculodeministros.org.ar<\/a><\/p>\n\n\n\n<p class=\"wp-block-paragraph\">Tel\u00e9fonos: (011) 7078-1291<br>Whatsapp: 11-5097-6085<\/p>\n<\/div><\/div>\n","protected":false},"excerpt":{"rendered":"<p>Capacitaci\u00f3n&nbsp;de &#8220;Nuevas herramientas tecnol\u00f3gicas&#8221; Ultima clase Socios y amigos!!! El mi\u00e9rcoles 25\/10\u00a0 \u00a0se realizar\u00e1 junto a la\u00a0Secretaria de Bienestar Integral del Gobierno, la capacitaci\u00f3n de Herramientas digitales.\u00a0 &nbsp;Adem\u00e1s aprovechamos la oportunidad para que conozcan&nbsp;nuestro&nbsp;nuevo&nbsp;espacio en la Sede del Circulo de Ministros. Tema principal que vamos a tratar:Instagram Los esperamos con un rico desayuno y muchas &hellip; <\/p>\n","protected":false},"author":1,"featured_media":637,"comment_status":"closed","ping_status":"closed","sticky":false,"template":"","format":"standard","meta":{"footnotes":""},"categories":[3,55,56],"tags":[64,70,78,79],"class_list":["post-636","post","type-post","status-publish","format-standard","has-post-thumbnail","hentry","category-actividades","category-eventos","category-talleres","tag-capacitacion","tag-herramientas-digitales","tag-redes-sociales","tag-secretaria-de-bienestar-integral-del-gobierno"],"_links":{"self":[{"href":"https:\/\/mutualdelcirculodeministros.org.ar\/actividades\/wp-json\/wp\/v2\/posts\/636","targetHints":{"allow":["GET"]}}],"collection":[{"href":"https:\/\/mutualdelcirculodeministros.org.ar\/actividades\/wp-json\/wp\/v2\/posts"}],"about":[{"href":"https:\/\/mutualdelcirculodeministros.org.ar\/actividades\/wp-json\/wp\/v2\/types\/post"}],"author":[{"embeddable":true,"href":"https:\/\/mutualdelcirculodeministros.org.ar\/actividades\/wp-json\/wp\/v2\/users\/1"}],"replies":[{"embeddable":true,"href":"https:\/\/mutualdelcirculodeministros.org.ar\/actividades\/wp-json\/wp\/v2\/comments?post=636"}],"version-history":[{"count":0,"href":"https:\/\/mutualdelcirculodeministros.org.ar\/actividades\/wp-json\/wp\/v2\/posts\/636\/revisions"}],"wp:featuredmedia":[{"embeddable":true,"href":"https:\/\/mutualdelcirculodeministros.org.ar\/actividades\/wp-json\/wp\/v2\/media\/637"}],"wp:attachment":[{"href":"https:\/\/mutualdelcirculodeministros.org.ar\/actividades\/wp-json\/wp\/v2\/media?parent=636"}],"wp:term":[{"taxonomy":"category","embeddable":true,"href":"https:\/\/mutualdelcirculodeministros.org.ar\/actividades\/wp-json\/wp\/v2\/categories?post=636"},{"taxonomy":"post_tag","embeddable":true,"href":"https:\/\/mutualdelcirculodeministros.org.ar\/actividades\/wp-json\/wp\/v2\/tags?post=636"}],"curies":[{"name":"wp","href":"https:\/\/api.w.org\/{rel}","templated":true}]}}