{"id":649,"date":"2023-11-07T11:26:56","date_gmt":"2023-11-07T14:26:56","guid":{"rendered":"https:\/\/mutualdelcirculodeministros.ar\/actividades\/?p=649"},"modified":"2023-11-07T11:26:56","modified_gmt":"2023-11-07T14:26:56","slug":"exposicion-de-arte","status":"publish","type":"post","link":"https:\/\/mutualdelcirculodeministros.org.ar\/actividades\/exposicion-de-arte\/","title":{"rendered":"EXPOSICION DE ARTE &#8211; fecha a confirmar"},"content":{"rendered":"\n<p class=\"wp-block-paragraph\">Estimados socios y amigos:<\/p>\n\n\n\n<p class=\"wp-block-paragraph\">Junto a la Profesora de Arte Solange Jeunesse,&nbsp; tenemos la idea de realizar una&nbsp; exposici\u00f3n de arte en la nueva Sede de la Mutual (Circulo de Ministros) para que los interesados&nbsp;puedan demostrar lo que hacen y compartirlo con familiares y amigos.&nbsp; La idea es realizarla el viernes 24\/11 o viernes 1\/12 (vemos los tiempos) durante 3 hs. <\/p>\n\n\n\n<p class=\"wp-block-paragraph\">Para poder participar, Solange (la profe de arte) pide que manden foto de la obra, medidas, t\u00e9cnica y deber\u00eda estar enmarcada lista para colgar (o atril). Pueden ser tambi\u00e9n esculturas o alguna manualidad que ustedes consideren puedan exponer.<\/p>\n\n\n\n<p class=\"wp-block-paragraph\">Si estas interesado, mand\u00e1 un mensaje al 1150976085<\/p>\n\n\n\n<div class=\"wp-block-group\"><div class=\"wp-block-group__inner-container is-layout-flow wp-block-group-is-layout-flow\">\n<div style=\"height:100px\" aria-hidden=\"true\" class=\"wp-block-spacer\"><\/div>\n\n\n\n<hr class=\"wp-block-separator has-alpha-channel-opacity\"\/>\n\n\n\n<p class=\"wp-block-paragraph\"><strong>Para m\u00e1s informaci\u00f3n:<\/strong><br><a href=\"mailto:mutualdelcirculo@gmail.com\">mutualdelcirculo@gmail.com<br>info@mutualdelcirculodeministros.org.ar<\/a><\/p>\n\n\n\n<p class=\"wp-block-paragraph\">Tel\u00e9fonos: (011) 7078-1291<br>Whatsapp: 11-5097-6085<\/p>\n<\/div><\/div>\n","protected":false},"excerpt":{"rendered":"<p>Estimados socios y amigos: Junto a la Profesora de Arte Solange Jeunesse,&nbsp; tenemos la idea de realizar una&nbsp; exposici\u00f3n de arte en la nueva Sede de la Mutual (Circulo de Ministros) para que los interesados&nbsp;puedan demostrar lo que hacen y compartirlo con familiares y amigos.&nbsp; La idea es realizarla el viernes 24\/11 o viernes 1\/12 &hellip; <\/p>\n","protected":false},"author":1,"featured_media":657,"comment_status":"closed","ping_status":"closed","sticky":false,"template":"","format":"standard","meta":{"footnotes":""},"categories":[55],"tags":[],"class_list":["post-649","post","type-post","status-publish","format-standard","has-post-thumbnail","hentry","category-eventos"],"_links":{"self":[{"href":"https:\/\/mutualdelcirculodeministros.org.ar\/actividades\/wp-json\/wp\/v2\/posts\/649","targetHints":{"allow":["GET"]}}],"collection":[{"href":"https:\/\/mutualdelcirculodeministros.org.ar\/actividades\/wp-json\/wp\/v2\/posts"}],"about":[{"href":"https:\/\/mutualdelcirculodeministros.org.ar\/actividades\/wp-json\/wp\/v2\/types\/post"}],"author":[{"embeddable":true,"href":"https:\/\/mutualdelcirculodeministros.org.ar\/actividades\/wp-json\/wp\/v2\/users\/1"}],"replies":[{"embeddable":true,"href":"https:\/\/mutualdelcirculodeministros.org.ar\/actividades\/wp-json\/wp\/v2\/comments?post=649"}],"version-history":[{"count":0,"href":"https:\/\/mutualdelcirculodeministros.org.ar\/actividades\/wp-json\/wp\/v2\/posts\/649\/revisions"}],"wp:featuredmedia":[{"embeddable":true,"href":"https:\/\/mutualdelcirculodeministros.org.ar\/actividades\/wp-json\/wp\/v2\/media\/657"}],"wp:attachment":[{"href":"https:\/\/mutualdelcirculodeministros.org.ar\/actividades\/wp-json\/wp\/v2\/media?parent=649"}],"wp:term":[{"taxonomy":"category","embeddable":true,"href":"https:\/\/mutualdelcirculodeministros.org.ar\/actividades\/wp-json\/wp\/v2\/categories?post=649"},{"taxonomy":"post_tag","embeddable":true,"href":"https:\/\/mutualdelcirculodeministros.org.ar\/actividades\/wp-json\/wp\/v2\/tags?post=649"}],"curies":[{"name":"wp","href":"https:\/\/api.w.org\/{rel}","templated":true}]}}