{"id":688,"date":"2022-09-28T09:21:00","date_gmt":"2022-09-28T12:21:00","guid":{"rendered":"https:\/\/mutualdelcirculodeministros.ar\/actividades\/?p=416"},"modified":"2022-09-28T09:21:00","modified_gmt":"2022-09-28T12:21:00","slug":"taller-de-encuentros-con-el-arte-charla-11","status":"publish","type":"post","link":"https:\/\/mutualdelcirculodeministros.org.ar\/actividades\/taller-de-encuentros-con-el-arte-charla-11\/","title":{"rendered":"28|09 TALLER DE &#8220;ENCUENTROS CON EL ARTE&#8221; &#8211; CHARLA 11"},"content":{"rendered":"\n<h1 class=\"wp-block-heading\">28|09 TALLER DE &#8220;ENCUENTROS CON EL ARTE&#8221; &#8211; CHARLA 11<\/h1>\n\n\n\n<p class=\"wp-block-paragraph\">Estimados Socios y amigos:<\/p>\n\n\n\n<p class=\"wp-block-paragraph\">&nbsp; &nbsp; &nbsp; &nbsp; &nbsp; &nbsp; &nbsp; &nbsp; &nbsp; &nbsp; &nbsp; &nbsp; &nbsp; &nbsp; &nbsp; &nbsp; &nbsp; &nbsp; &nbsp; &nbsp; &nbsp; &nbsp; &nbsp; Les recordamos que \u00e9ste<strong>&nbsp;mi\u00e9rcoles 28&nbsp;<\/strong>de septiembre volveremos a reunirnos v\u00eda Zoom con la Prof\u00aa. Solange Jouinsse en una nueva charla del Taller de Encuentros con el Arte.&nbsp;<strong>&nbsp;<em>Por \u00fanica vez el encuentro comenzar\u00e1 a las 15:30 hs&nbsp; (en lugar de las 15:00 hs como es habitual).&nbsp;<\/em><\/strong><\/p>\n\n\n\n<p class=\"wp-block-paragraph\">Aquellos que est\u00e9n interesados en sumarse a \u00e9stas reuniones y hasta ahora no hayan participado, tengan presente&nbsp; que primero deber\u00e1n inscribirse a trav\u00e9s de los diferentes medios de contacto para poder hacerles llegar el link correspondiente.<\/p>\n\n\n\n<p class=\"has-luminous-vivid-orange-color has-text-color wp-block-paragraph\"><em><strong>Charla 11:&nbsp;mi\u00e9rcoles&nbsp;28 de septiembre<\/strong><\/em><\/p>\n\n\n\n<p class=\"wp-block-paragraph\"><em>El campo de <strong>color <\/strong>en Rothko y el sublime <strong>americano <\/strong>de Barnett Newman.&nbsp;<\/em><br><em><strong>Pop Ingl\u00e9s: <\/strong>Richard Hamilton y Eduardo Paolozzi. <\/em><br><em><strong>Neo Dada: <\/strong>Robert Rauschenberg y Jasper Johns.<\/em><\/p>\n\n\n\n<div style=\"height:100px\" aria-hidden=\"true\" class=\"wp-block-spacer\"><\/div>\n\n\n\n<figure class=\"wp-block-image size-full is-resized\"><a href=\"https:\/\/mutualdelcirculodeministros.org.ar\/actividades\/wp-content\/uploads\/2022\/09\/IMG-20220926-WA0013-1.jpg\"><img loading=\"lazy\" decoding=\"async\" src=\"https:\/\/mutualdelcirculodeministros.org.ar\/actividades\/wp-content\/uploads\/2022\/09\/IMG-20220926-WA0013-1.jpg\" alt=\"OBRAS DE MARK ROTHKO\" class=\"wp-image-417\" width=\"750\" height=\"563\"\/><\/a><figcaption>OBRAS DE MARK ROTHKO<\/figcaption><\/figure>\n\n\n\n<div class=\"wp-block-group\"><div class=\"wp-block-group__inner-container is-layout-flow wp-block-group-is-layout-flow\">\n<div style=\"height:100px\" aria-hidden=\"true\" class=\"wp-block-spacer\"><\/div>\n\n\n\n<hr class=\"wp-block-separator has-alpha-channel-opacity\"\/>\n\n\n\n<p class=\"wp-block-paragraph\"><strong>Para m\u00e1s informaci\u00f3n:<\/strong><br><a href=\"mailto:mutualdelcirculo@gmail.com\">mutualdelcirculo@gmail.com<br>info@mutualdelcirculodeministros.org.ar<\/a><\/p>\n\n\n\n<p class=\"wp-block-paragraph\">Tel\u00e9fonos: (011) 7078-1291<br>Whatsapp: 11-5097-6085<\/p>\n<\/div><\/div>\n","protected":false},"excerpt":{"rendered":"<p>Hablaremos sobre: El campo de color en Rothko y el sublime americano de Barnett Newman.<br \/>\nPop Ingl\u00e9s: Richard Hamilton y Eduardo Paolozzi.<br \/>\nNeo Dada: Robert Rauschenberg y Jasper Johns.<\/p>\n","protected":false},"author":1,"featured_media":422,"comment_status":"closed","ping_status":"closed","sticky":false,"template":"","format":"standard","meta":{"footnotes":""},"categories":[3,56],"tags":[25,41,42,43],"class_list":["post-688","post","type-post","status-publish","format-standard","has-post-thumbnail","hentry","category-actividades","category-talleres","tag-jouinsse","tag-solange","tag-solange-jouinsse","tag-taller"],"_links":{"self":[{"href":"https:\/\/mutualdelcirculodeministros.org.ar\/actividades\/wp-json\/wp\/v2\/posts\/688","targetHints":{"allow":["GET"]}}],"collection":[{"href":"https:\/\/mutualdelcirculodeministros.org.ar\/actividades\/wp-json\/wp\/v2\/posts"}],"about":[{"href":"https:\/\/mutualdelcirculodeministros.org.ar\/actividades\/wp-json\/wp\/v2\/types\/post"}],"author":[{"embeddable":true,"href":"https:\/\/mutualdelcirculodeministros.org.ar\/actividades\/wp-json\/wp\/v2\/users\/1"}],"replies":[{"embeddable":true,"href":"https:\/\/mutualdelcirculodeministros.org.ar\/actividades\/wp-json\/wp\/v2\/comments?post=688"}],"version-history":[{"count":0,"href":"https:\/\/mutualdelcirculodeministros.org.ar\/actividades\/wp-json\/wp\/v2\/posts\/688\/revisions"}],"wp:featuredmedia":[{"embeddable":true,"href":"https:\/\/mutualdelcirculodeministros.org.ar\/actividades\/wp-json\/wp\/v2\/media\/422"}],"wp:attachment":[{"href":"https:\/\/mutualdelcirculodeministros.org.ar\/actividades\/wp-json\/wp\/v2\/media?parent=688"}],"wp:term":[{"taxonomy":"category","embeddable":true,"href":"https:\/\/mutualdelcirculodeministros.org.ar\/actividades\/wp-json\/wp\/v2\/categories?post=688"},{"taxonomy":"post_tag","embeddable":true,"href":"https:\/\/mutualdelcirculodeministros.org.ar\/actividades\/wp-json\/wp\/v2\/tags?post=688"}],"curies":[{"name":"wp","href":"https:\/\/api.w.org\/{rel}","templated":true}]}}