{"id":690,"date":"2024-03-12T13:05:38","date_gmt":"2024-03-12T16:05:38","guid":{"rendered":"https:\/\/mutualdelcirculodeministros.ar\/actividades\/?p=673"},"modified":"2024-03-12T13:05:38","modified_gmt":"2024-03-12T16:05:38","slug":"2203-charla-sobre-ciberdelitos","status":"publish","type":"post","link":"https:\/\/mutualdelcirculodeministros.org.ar\/actividades\/2203-charla-sobre-ciberdelitos\/","title":{"rendered":"22|03 CHARLA SOBRE &#8220;CIBERDELITOS&#8221;"},"content":{"rendered":"\n<p class=\"wp-block-paragraph\"><img decoding=\"async\" src=\"https:\/\/fonts.gstatic.com\/s\/e\/notoemoji\/15.0\/1f4e2\/72.png\" alt=\"&#x1f4e2;\">Las estafas por llamadas de celular y por WhatsApp van mutando para que siempre caigamos en la estafa.<br>Nada mejor que estar informados para prevenir que nos estafen y que nos hagan pasar momentos amargos.<br>No te pierdas la charla de &#8220;CIBERDELITOS&#8221; junto a la Secretaria de Bienestar Integral de BA.<\/p>\n\n\n\n<figure class=\"wp-block-image size-large\"><a href=\"https:\/\/mutualdelcirculodeministros.org.ar\/actividades\/wp-content\/uploads\/2024\/03\/Imagen-de-WhatsApp-2024-03-12-a-las-10.26.22_1d80cccd.jpg\"><img decoding=\"async\" src=\"https:\/\/mutualdelcirculodeministros.org.ar\/actividades\/wp-content\/uploads\/2024\/03\/Imagen-de-WhatsApp-2024-03-12-a-las-10.26.22_1d80cccd-576x1024.jpg\" alt=\"\" class=\"wp-image-674\"\/><\/a><\/figure>\n\n\n\n<p class=\"wp-block-paragraph\"><img decoding=\"async\" src=\"https:\/\/fonts.gstatic.com\/s\/e\/notoemoji\/15.0\/1f4cc\/72.png\" alt=\"&#x1f4cc;\" style=\"width: 50px;\">Viernes 22 de marzo- 15 hs<br>Sede Mutual- Tucum\u00e1n 811. 1\u00b0 A<\/p>\n\n\n\n<p class=\"has-vivid-red-color has-text-color has-link-color wp-elements-1 wp-block-paragraph\"><strong>Importante la inscripci\u00f3n&#x203c;<\/strong><\/p>\n\n\n\n<p class=\"wp-block-paragraph\"><strong><em>Esta Charla est\u00e1 pensada para la problem\u00e1tica que estamos pasando muchos con los ciberdelitos y estafas que d\u00eda a d\u00eda nos suceden. Hoy te puede tocar a vos, por eso lo m\u00e1s importante es estar prevenido. <\/em><\/strong><\/p>\n\n\n\n<p class=\"wp-block-paragraph\"><strong><em>LOS ESPERAMOS!!!<\/em><\/strong><\/p>\n\n\n\n<p class=\"wp-block-paragraph\">Entrada libre y gratuita<br><a href=\"mailto:mutualdelcirculo@gmail.com\" target=\"_blank\" rel=\"noreferrer noopener\">mutualdelcirculo@gmail.com<\/a><br>Tel. 4393- 1243<\/p>\n\n\n\n<div class=\"wp-block-group\"><div class=\"wp-block-group__inner-container is-layout-flow wp-block-group-is-layout-flow\">\n<div style=\"height:100px\" aria-hidden=\"true\" class=\"wp-block-spacer\"><\/div>\n\n\n\n<hr class=\"wp-block-separator has-alpha-channel-opacity\"\/>\n\n\n\n<p class=\"wp-block-paragraph\"><strong>Para m\u00e1s informaci\u00f3n:<\/strong><br><a href=\"mailto:mutualdelcirculo@gmail.com\">mutualdelcirculo@gmail.com<br>info@mutualdelcirculodeministros.org.ar<\/a><\/p>\n\n\n\n<p class=\"wp-block-paragraph\">Tel\u00e9fonos: (011) 7078-1291<br>Whatsapp: 11-5097-6085<\/p>\n<\/div><\/div>\n","protected":false},"excerpt":{"rendered":"<p>Las estafas por llamadas de celular y por WhatsApp van mutando para que siempre caigamos en la estafa.Nada mejor que estar informados para prevenir que nos estafen y que nos hagan pasar momentos amargos.No te pierdas la charla de &#8220;CIBERDELITOS&#8221; junto a la Secretaria de Bienestar Integral de BA. Viernes 22 de marzo- 15 hsSede &hellip; <\/p>\n","protected":false},"author":1,"featured_media":676,"comment_status":"closed","ping_status":"closed","sticky":false,"template":"","format":"standard","meta":{"footnotes":""},"categories":[3,55],"tags":[9,79],"class_list":["post-690","post","type-post","status-publish","format-standard","has-post-thumbnail","hentry","category-actividades","category-eventos","tag-charla","tag-secretaria-de-bienestar-integral-del-gobierno"],"_links":{"self":[{"href":"https:\/\/mutualdelcirculodeministros.org.ar\/actividades\/wp-json\/wp\/v2\/posts\/690","targetHints":{"allow":["GET"]}}],"collection":[{"href":"https:\/\/mutualdelcirculodeministros.org.ar\/actividades\/wp-json\/wp\/v2\/posts"}],"about":[{"href":"https:\/\/mutualdelcirculodeministros.org.ar\/actividades\/wp-json\/wp\/v2\/types\/post"}],"author":[{"embeddable":true,"href":"https:\/\/mutualdelcirculodeministros.org.ar\/actividades\/wp-json\/wp\/v2\/users\/1"}],"replies":[{"embeddable":true,"href":"https:\/\/mutualdelcirculodeministros.org.ar\/actividades\/wp-json\/wp\/v2\/comments?post=690"}],"version-history":[{"count":0,"href":"https:\/\/mutualdelcirculodeministros.org.ar\/actividades\/wp-json\/wp\/v2\/posts\/690\/revisions"}],"wp:featuredmedia":[{"embeddable":true,"href":"https:\/\/mutualdelcirculodeministros.org.ar\/actividades\/wp-json\/wp\/v2\/media\/676"}],"wp:attachment":[{"href":"https:\/\/mutualdelcirculodeministros.org.ar\/actividades\/wp-json\/wp\/v2\/media?parent=690"}],"wp:term":[{"taxonomy":"category","embeddable":true,"href":"https:\/\/mutualdelcirculodeministros.org.ar\/actividades\/wp-json\/wp\/v2\/categories?post=690"},{"taxonomy":"post_tag","embeddable":true,"href":"https:\/\/mutualdelcirculodeministros.org.ar\/actividades\/wp-json\/wp\/v2\/tags?post=690"}],"curies":[{"name":"wp","href":"https:\/\/api.w.org\/{rel}","templated":true}]}}