{"id":751,"date":"2024-08-26T10:07:34","date_gmt":"2024-08-26T13:07:34","guid":{"rendered":"https:\/\/mutualdelcirculodeministros.org.ar\/actividades\/?p=751"},"modified":"2024-08-28T10:14:24","modified_gmt":"2024-08-28T13:14:24","slug":"0509-taller-de-narracion","status":"publish","type":"post","link":"https:\/\/mutualdelcirculodeministros.org.ar\/actividades\/0509-taller-de-narracion\/","title":{"rendered":"05|09 TALLER DE NARRACION"},"content":{"rendered":"\n<p class=\"has-vivid-red-color has-text-color has-link-color wp-elements-1 wp-block-paragraph\"><img decoding=\"async\" src=\"https:\/\/fonts.gstatic.com\/s\/e\/notoemoji\/15.0\/1f4cc\/32.png\" alt=\"\ud83d\udccc\"> <strong>TALLER DE NARRACION<\/strong><\/p>\n\n\n\n<p class=\"wp-block-paragraph\">Buenos d\u00edas!!! <\/p>\n\n\n\n<p class=\"wp-block-paragraph\">Le hacemos llegar esta hermosa propuesta para juntarnos y compartir un hermoso\u00a0<strong><em><u>taller de narraci\u00f3n<\/u><\/em><\/strong>\u00a0junto a la periodista y locutora Mar\u00eda Delia Gavin. Por supuesto siempre con un rico caf\u00e9\u00a0<\/p>\n\n\n\n<figure class=\"wp-block-image\"><img decoding=\"async\" src=\"https:\/\/fonts.gstatic.com\/s\/e\/notoemoji\/15.1\/2615\/72.png\" alt=\"\u2615\"\/><\/figure>\n\n\n\n<p class=\"has-vivid-red-color has-text-color has-link-color wp-elements-2 wp-block-paragraph\"><strong>*A\u00fan est\u00e1n a tiempo para organizarse y poder asistir. Los esperamos!!!<\/strong><\/p>\n\n\n\n<p class=\"wp-block-paragraph\"><img decoding=\"async\" src=\"https:\/\/fonts.gstatic.com\/s\/e\/notoemoji\/15.0\/23f0\/32.png\" alt=\"\u23f0\"> Jueves 5 de septiembre- 15 hs<\/p>\n\n\n\n<p class=\"wp-block-paragraph\">Tucum\u00e1n 811- piso 1\u00ba A <\/p>\n\n\n\n<p class=\"has-vivid-green-cyan-color has-text-color has-link-color wp-elements-3 wp-block-paragraph\"><strong>\u00a1\u00a1No olvides confirmar tu asistencia!!!<\/strong><\/p>\n\n\n\n<figure class=\"wp-block-image size-large\"><img loading=\"lazy\" decoding=\"async\" width=\"1024\" height=\"1024\" src=\"https:\/\/mutualdelcirculodeministros.org.ar\/actividades\/wp-content\/uploads\/2024\/08\/20240905-taller-de-narracion-1024x1024.png\" alt=\"\" class=\"wp-image-752\" srcset=\"https:\/\/mutualdelcirculodeministros.org.ar\/actividades\/wp-content\/uploads\/2024\/08\/20240905-taller-de-narracion-1024x1024.png 1024w, https:\/\/mutualdelcirculodeministros.org.ar\/actividades\/wp-content\/uploads\/2024\/08\/20240905-taller-de-narracion-300x300.png 300w, https:\/\/mutualdelcirculodeministros.org.ar\/actividades\/wp-content\/uploads\/2024\/08\/20240905-taller-de-narracion-150x150.png 150w, https:\/\/mutualdelcirculodeministros.org.ar\/actividades\/wp-content\/uploads\/2024\/08\/20240905-taller-de-narracion-768x768.png 768w, https:\/\/mutualdelcirculodeministros.org.ar\/actividades\/wp-content\/uploads\/2024\/08\/20240905-taller-de-narracion-60x60.png 60w, https:\/\/mutualdelcirculodeministros.org.ar\/actividades\/wp-content\/uploads\/2024\/08\/20240905-taller-de-narracion.png 1080w\" sizes=\"auto, (max-width: 1024px) 100vw, 1024px\" \/><\/figure>\n\n\n\n<div class=\"wp-block-group\"><div class=\"wp-block-group__inner-container is-layout-flow wp-block-group-is-layout-flow\">\n<div style=\"height:100px\" aria-hidden=\"true\" class=\"wp-block-spacer\"><\/div>\n\n\n\n<hr class=\"wp-block-separator has-alpha-channel-opacity\"\/>\n\n\n\n<p class=\"wp-block-paragraph\"><strong>Para m\u00e1s informaci\u00f3n:<\/strong><br><a href=\"mailto:mutualdelcirculo@gmail.com\">mutualdelcirculo@gmail.com<br>info@mutualdelcirculodeministros.org.ar<\/a><\/p>\n\n\n\n<p class=\"wp-block-paragraph\">Tel\u00e9fonos: (011) 7078-1291<br>Whatsapp: 11-5097-6085<\/p>\n<\/div><\/div>\n","protected":false},"excerpt":{"rendered":"<p>TALLER DE NARRACION Buenos d\u00edas!!! Le hacemos llegar esta hermosa propuesta para juntarnos y compartir un hermoso\u00a0taller de narraci\u00f3n\u00a0junto a la periodista y locutora Mar\u00eda Delia Gavin. Por supuesto siempre con un rico caf\u00e9\u00a0 *A\u00fan est\u00e1n a tiempo para organizarse y poder asistir. Los esperamos!!! Jueves 5 de septiembre- 15 hs Tucum\u00e1n 811- piso 1\u00ba &hellip; <\/p>\n","protected":false},"author":1,"featured_media":752,"comment_status":"closed","ping_status":"closed","sticky":false,"template":"","format":"standard","meta":{"footnotes":""},"categories":[3,56],"tags":[95,94,43],"class_list":["post-751","post","type-post","status-publish","format-standard","has-post-thumbnail","hentry","category-actividades","category-talleres","tag-maria-delia-gavin","tag-narracion","tag-taller"],"_links":{"self":[{"href":"https:\/\/mutualdelcirculodeministros.org.ar\/actividades\/wp-json\/wp\/v2\/posts\/751","targetHints":{"allow":["GET"]}}],"collection":[{"href":"https:\/\/mutualdelcirculodeministros.org.ar\/actividades\/wp-json\/wp\/v2\/posts"}],"about":[{"href":"https:\/\/mutualdelcirculodeministros.org.ar\/actividades\/wp-json\/wp\/v2\/types\/post"}],"author":[{"embeddable":true,"href":"https:\/\/mutualdelcirculodeministros.org.ar\/actividades\/wp-json\/wp\/v2\/users\/1"}],"replies":[{"embeddable":true,"href":"https:\/\/mutualdelcirculodeministros.org.ar\/actividades\/wp-json\/wp\/v2\/comments?post=751"}],"version-history":[{"count":1,"href":"https:\/\/mutualdelcirculodeministros.org.ar\/actividades\/wp-json\/wp\/v2\/posts\/751\/revisions"}],"predecessor-version":[{"id":753,"href":"https:\/\/mutualdelcirculodeministros.org.ar\/actividades\/wp-json\/wp\/v2\/posts\/751\/revisions\/753"}],"wp:featuredmedia":[{"embeddable":true,"href":"https:\/\/mutualdelcirculodeministros.org.ar\/actividades\/wp-json\/wp\/v2\/media\/752"}],"wp:attachment":[{"href":"https:\/\/mutualdelcirculodeministros.org.ar\/actividades\/wp-json\/wp\/v2\/media?parent=751"}],"wp:term":[{"taxonomy":"category","embeddable":true,"href":"https:\/\/mutualdelcirculodeministros.org.ar\/actividades\/wp-json\/wp\/v2\/categories?post=751"},{"taxonomy":"post_tag","embeddable":true,"href":"https:\/\/mutualdelcirculodeministros.org.ar\/actividades\/wp-json\/wp\/v2\/tags?post=751"}],"curies":[{"name":"wp","href":"https:\/\/api.w.org\/{rel}","templated":true}]}}