{"id":793,"date":"2024-11-15T15:56:36","date_gmt":"2024-11-15T18:56:36","guid":{"rendered":"https:\/\/mutualdelcirculodeministros.org.ar\/actividades\/?p=793"},"modified":"2024-11-15T16:06:36","modified_gmt":"2024-11-15T19:06:36","slug":"2811-visita-guiada-a-monasterio-santa-catalina","status":"publish","type":"post","link":"https:\/\/mutualdelcirculodeministros.org.ar\/actividades\/2811-visita-guiada-a-monasterio-santa-catalina\/","title":{"rendered":"28|11 Visita guiada a Monasterio Santa Catalina"},"content":{"rendered":"\n<p class=\"wp-block-paragraph\"><strong>Atenci\u00f3n!!!<\/strong><\/p>\n\n\n\n<p class=\"wp-block-paragraph\">Si no conoce el Monasterio Santa Catalina, esta es la oportunidad para visitar este hermoso lugar en pleno Centro de Capital.&nbsp;<\/p>\n\n\n\n<p class=\"wp-block-paragraph\"><img decoding=\"async\" alt=\"\ud83d\udccc\" src=\"https:\/\/fonts.gstatic.com\/s\/e\/notoemoji\/15.1\/1f4cc\/32.png\">La visita se realizar\u00e1 el jueves 28\/11- 15 hs y no se suspende por lluvia (salvo tormenta el\u00e9ctrica).<br><img decoding=\"async\" alt=\"\ud83d\udccc\" src=\"https:\/\/fonts.gstatic.com\/s\/e\/notoemoji\/15.1\/1f4cc\/32.png\">La reserva se realiza con el pago completo sin excepci\u00f3n, ya que as\u00ed lo exige la instituci\u00f3n.<\/p>\n\n\n\n<p class=\"wp-block-paragraph\">El lugar es amplio, el recorrido dura 1.30 hs y hay espacios por los que hay que acceder por escaleras (son pocas, amplias y con barandas) .<br><img decoding=\"async\" src=\"https:\/\/fonts.gstatic.com\/s\/e\/notoemoji\/15.1\/1f4cc\/32.png\" alt=\"\ud83d\udccc\">Para reservar su lugar comun\u00edquese v\u00eda correo electr\u00f3nico a\u00a0<a href=\"mailto:mutualdelcirculo@gmail.com\" target=\"_blank\" rel=\"noreferrer noopener\">mutualdelcirculo@gmail.com<\/a>\u00a0o al whatsapp personal (Agustina) 1165360514<\/p>\n\n\n\n<p class=\"wp-block-paragraph\"><\/p>\n\n\n\n<figure class=\"wp-block-image size-large\"><img loading=\"lazy\" decoding=\"async\" width=\"1024\" height=\"1024\" src=\"https:\/\/mutualdelcirculodeministros.org.ar\/actividades\/wp-content\/uploads\/2024\/11\/2024-11-28-visita-monasteria-santa-catalina-1024x1024.png\" alt=\"\" class=\"wp-image-794\" srcset=\"https:\/\/mutualdelcirculodeministros.org.ar\/actividades\/wp-content\/uploads\/2024\/11\/2024-11-28-visita-monasteria-santa-catalina-1024x1024.png 1024w, https:\/\/mutualdelcirculodeministros.org.ar\/actividades\/wp-content\/uploads\/2024\/11\/2024-11-28-visita-monasteria-santa-catalina-300x300.png 300w, https:\/\/mutualdelcirculodeministros.org.ar\/actividades\/wp-content\/uploads\/2024\/11\/2024-11-28-visita-monasteria-santa-catalina-150x150.png 150w, https:\/\/mutualdelcirculodeministros.org.ar\/actividades\/wp-content\/uploads\/2024\/11\/2024-11-28-visita-monasteria-santa-catalina-768x768.png 768w, https:\/\/mutualdelcirculodeministros.org.ar\/actividades\/wp-content\/uploads\/2024\/11\/2024-11-28-visita-monasteria-santa-catalina-60x60.png 60w, https:\/\/mutualdelcirculodeministros.org.ar\/actividades\/wp-content\/uploads\/2024\/11\/2024-11-28-visita-monasteria-santa-catalina.png 1080w\" sizes=\"auto, (max-width: 1024px) 100vw, 1024px\" \/><\/figure>\n\n\n\n<div class=\"wp-block-group\"><div class=\"wp-block-group__inner-container is-layout-flow wp-block-group-is-layout-flow\">\n<div style=\"height:100px\" aria-hidden=\"true\" class=\"wp-block-spacer\"><\/div>\n\n\n\n<hr class=\"wp-block-separator has-alpha-channel-opacity\"\/>\n\n\n\n<p class=\"wp-block-paragraph\"><strong>Para m\u00e1s informaci\u00f3n:<\/strong><br><a href=\"mailto:mutualdelcirculo@gmail.com\">mutualdelcirculo@gmail.com<br>info@mutualdelcirculodeministros.org.ar<\/a><\/p>\n\n\n\n<p class=\"wp-block-paragraph\">Tel\u00e9fonos: (011) 7078-1291<br>Whatsapp: 11-5097-6085<\/p>\n<\/div><\/div>\n\n\n\n<p class=\"wp-block-paragraph\"><\/p>\n","protected":false},"excerpt":{"rendered":"<p>Atenci\u00f3n!!! Si no conoce el Monasterio Santa Catalina, esta es la oportunidad para visitar este hermoso lugar en pleno Centro de Capital.&nbsp; La visita se realizar\u00e1 el jueves 28\/11- 15 hs y no se suspende por lluvia (salvo tormenta el\u00e9ctrica).La reserva se realiza con el pago completo sin excepci\u00f3n, ya que as\u00ed lo exige la &hellip; <\/p>\n","protected":false},"author":1,"featured_media":794,"comment_status":"closed","ping_status":"closed","sticky":false,"template":"","format":"standard","meta":{"footnotes":""},"categories":[3,57],"tags":[104,49],"class_list":["post-793","post","type-post","status-publish","format-standard","has-post-thumbnail","hentry","category-actividades","category-visitas-guiadas","tag-monasterio-santa-catalina","tag-visita-guiada"],"_links":{"self":[{"href":"https:\/\/mutualdelcirculodeministros.org.ar\/actividades\/wp-json\/wp\/v2\/posts\/793","targetHints":{"allow":["GET"]}}],"collection":[{"href":"https:\/\/mutualdelcirculodeministros.org.ar\/actividades\/wp-json\/wp\/v2\/posts"}],"about":[{"href":"https:\/\/mutualdelcirculodeministros.org.ar\/actividades\/wp-json\/wp\/v2\/types\/post"}],"author":[{"embeddable":true,"href":"https:\/\/mutualdelcirculodeministros.org.ar\/actividades\/wp-json\/wp\/v2\/users\/1"}],"replies":[{"embeddable":true,"href":"https:\/\/mutualdelcirculodeministros.org.ar\/actividades\/wp-json\/wp\/v2\/comments?post=793"}],"version-history":[{"count":1,"href":"https:\/\/mutualdelcirculodeministros.org.ar\/actividades\/wp-json\/wp\/v2\/posts\/793\/revisions"}],"predecessor-version":[{"id":795,"href":"https:\/\/mutualdelcirculodeministros.org.ar\/actividades\/wp-json\/wp\/v2\/posts\/793\/revisions\/795"}],"wp:featuredmedia":[{"embeddable":true,"href":"https:\/\/mutualdelcirculodeministros.org.ar\/actividades\/wp-json\/wp\/v2\/media\/794"}],"wp:attachment":[{"href":"https:\/\/mutualdelcirculodeministros.org.ar\/actividades\/wp-json\/wp\/v2\/media?parent=793"}],"wp:term":[{"taxonomy":"category","embeddable":true,"href":"https:\/\/mutualdelcirculodeministros.org.ar\/actividades\/wp-json\/wp\/v2\/categories?post=793"},{"taxonomy":"post_tag","embeddable":true,"href":"https:\/\/mutualdelcirculodeministros.org.ar\/actividades\/wp-json\/wp\/v2\/tags?post=793"}],"curies":[{"name":"wp","href":"https:\/\/api.w.org\/{rel}","templated":true}]}}